{"id":15745,"date":"2024-06-12T07:58:41","date_gmt":"2024-06-12T10:58:41","guid":{"rendered":"https:\/\/diariorepublica.com.ar\/web\/?p=15745"},"modified":"2024-06-12T07:58:43","modified_gmt":"2024-06-12T10:58:43","slug":"psicopedagogos-mantuvieron-reunion-con-autoridades-de-osep","status":"publish","type":"post","link":"https:\/\/diariorepublica.com.ar\/web\/index.php\/sociedad\/2024\/06\/12\/psicopedagogos-mantuvieron-reunion-con-autoridades-de-osep\/","title":{"rendered":"Psicopedagogos mantuvieron reuni\u00f3n con autoridades de Osep"},"content":{"rendered":"<p>Autoridades del Colegio de Psicopedagogos se reunieron con el director de la Obra Social de los Empleados P\u00fablicos (Osep), Leopoldo Marchetti, luego de que desde la instituci\u00f3n plantearan realizar una marcha para reclamar mejoras en los aranceles.<\/p>\n<p>En la reuni\u00f3n, el Director Marchetti solicit\u00f3 un cuarto intermedio, programando otra reuni\u00f3n para el mi\u00e9rcoles 26, comprometi\u00e9ndose a especificar las propuestas que se llevar\u00e1n a cabo de manera inmediata y las que se realizar\u00e1n progresivamente.<\/p>\n<p>Desde el Colegio de Psicopedagogos presentaron propuestas que se fueron analizando y justificando punto por punto. En cuanto a los valores se present\u00f3 la propuesta de 9 mil pesos como b\u00e1sico en los aranceles quedando para el an\u00e1lisis.<\/p>\n<p>En ese sentido, desde el Colegio de Psicopedagogos se resolvi\u00f3 no llevar a cabo la manifestaci\u00f3n, programada para ma\u00f1ana jueves, hasta esperar lo que se resuelva en la pr\u00f3xima reuni\u00f3n.<\/p>\n<p>Cabe destacar, que desde la entidad se\u00f1alaron que la prestaci\u00f3n que llevan adelante los psicopedagodos est\u00e1 bastante desfasada con la realidad actual, es decir, con el b\u00e1sico que manejan otros colegios, por lo que urge una actualizaci\u00f3n del b\u00e1sico de los aranceles.<\/p>\n","protected":false},"excerpt":{"rendered":"<p>Autoridades del Colegio de Psicopedagogos se reunieron con el director de la Obra Social de los Empleados P\u00fablicos (Osep), Leopoldo<\/p>\n","protected":false},"author":2,"featured_media":15746,"comment_status":"closed","ping_status":"closed","sticky":false,"template":"","format":"standard","meta":{"footnotes":"","jetpack_publicize_message":"","jetpack_publicize_feature_enabled":true,"jetpack_social_post_already_shared":true,"jetpack_social_options":{"image_generator_settings":{"template":"highway","enabled":false},"version":2}},"categories":[3],"tags":[],"class_list":["post-15745","post","type-post","status-publish","format-standard","has-post-thumbnail","hentry","category-sociedad"],"jetpack_publicize_connections":[],"_links":{"self":[{"href":"https:\/\/diariorepublica.com.ar\/web\/index.php\/wp-json\/wp\/v2\/posts\/15745"}],"collection":[{"href":"https:\/\/diariorepublica.com.ar\/web\/index.php\/wp-json\/wp\/v2\/posts"}],"about":[{"href":"https:\/\/diariorepublica.com.ar\/web\/index.php\/wp-json\/wp\/v2\/types\/post"}],"author":[{"embeddable":true,"href":"https:\/\/diariorepublica.com.ar\/web\/index.php\/wp-json\/wp\/v2\/users\/2"}],"replies":[{"embeddable":true,"href":"https:\/\/diariorepublica.com.ar\/web\/index.php\/wp-json\/wp\/v2\/comments?post=15745"}],"version-history":[{"count":1,"href":"https:\/\/diariorepublica.com.ar\/web\/index.php\/wp-json\/wp\/v2\/posts\/15745\/revisions"}],"predecessor-version":[{"id":15747,"href":"https:\/\/diariorepublica.com.ar\/web\/index.php\/wp-json\/wp\/v2\/posts\/15745\/revisions\/15747"}],"wp:featuredmedia":[{"embeddable":true,"href":"https:\/\/diariorepublica.com.ar\/web\/index.php\/wp-json\/wp\/v2\/media\/15746"}],"wp:attachment":[{"href":"https:\/\/diariorepublica.com.ar\/web\/index.php\/wp-json\/wp\/v2\/media?parent=15745"}],"wp:term":[{"taxonomy":"category","embeddable":true,"href":"https:\/\/diariorepublica.com.ar\/web\/index.php\/wp-json\/wp\/v2\/categories?post=15745"},{"taxonomy":"post_tag","embeddable":true,"href":"https:\/\/diariorepublica.com.ar\/web\/index.php\/wp-json\/wp\/v2\/tags?post=15745"}],"curies":[{"name":"wp","href":"https:\/\/api.w.org\/{rel}","templated":true}]}}