{"id":15752,"date":"2024-06-12T09:50:58","date_gmt":"2024-06-12T12:50:58","guid":{"rendered":"https:\/\/diariorepublica.com.ar\/web\/?p=15752"},"modified":"2024-06-12T09:51:00","modified_gmt":"2024-06-12T12:51:00","slug":"mas-de-un-millon-de-chicos-saltean-alguna-comida-diaria-por-falta-de-recursos","status":"publish","type":"post","link":"https:\/\/diariorepublica.com.ar\/web\/index.php\/nacionales\/2024\/06\/12\/mas-de-un-millon-de-chicos-saltean-alguna-comida-diaria-por-falta-de-recursos\/","title":{"rendered":"M\u00e1s de un mill\u00f3n de chicos saltean alguna comida diaria por falta de recursos"},"content":{"rendered":"<p><strong>Unos diez millones de chicas y chicos en la Argentina comen menos carne y l\u00e1cteos en comparaci\u00f3n al a\u00f1o pasado por falta de dinero, <\/strong>en un contexto en el que, adem\u00e1s,\u00a0<strong>los ingresos de casi la mitad de los hogares con ni\u00f1os no alcanzan para cubrir gastos b\u00e1sicos de alimentaci\u00f3n, salud y educaci\u00f3n,<\/strong>\u00a0seg\u00fan una nueva encuesta de Unicef dada a conocer ayer.<\/p>\n<p class=\"com-paragraph   --s\">En las familias tambi\u00e9n\u00a0<strong>se redujo el consumo de verduras y frutas (58%) y solo aument\u00f3 la ingesta de fideos y harinas (24%),<\/strong>\u00a0de acuerdo con la octava encuesta a hogares con ni\u00f1as, ni\u00f1os y adolescentes, una medici\u00f3n de alcance nacional que Unicef Argentina realiza de manera ininterrumpida desde 2020.<\/p>\n<div id=\"anexo-5DYRKKMN3RHTHPR55Q2USPEJL4\" class=\"com-embed --html\">\n<div class=\"ln-info-responsive\">\n<h6 class=\"ln-info-responsive--titulo\">Hogares que por falta de dinero tuvieron que dejar de comprar alg\u00fan alimento<\/h6>\n<div class=\"img-container\"><img decoding=\"async\" title=\"Hogares que por falta de dinero tuvieron que dejar de comprar alg\u00fan alimento\" src=\"https:\/\/especialess3.lanacion.com.ar\/strapi\/informe_unicef_2_copia_2072d990ad.svg\" alt=\"Hogares que por falta de dinero tuvieron que dejar de comprar alg\u00fan alimento\" width=\"100%\" \/><\/div>\n<div class=\"ln-info-responsive--fuente\">Fuente: Unicef<\/div>\n<\/div>\n<\/div>\n<p class=\"com-paragraph   --s\">El estudio sostiene adem\u00e1s que\u00a0<strong>m\u00e1s de un mill\u00f3n de ni\u00f1os deja de comer alguna comida (desayuno, almuerzo, merienda o cena) por falta de dinero<\/strong>. En siete de cada diez hogares donde esto sucede, la persona a cargo se encuentra ocupada y, dentro de ellas, m\u00e1s de un 60% de manera informal. Quiere decir que\u00a0<strong>el no poder comprar los insumos b\u00e1sicos como alimentos es un coletazo que alcanza tambi\u00e9n a personas que, a pesar de tener trabajo<\/strong>, se encuentran en situaci\u00f3n de pobreza.<\/p>\n<p class=\"com-paragraph   --s\">A la vez, tres de cada diez familias tuvieron que recurrir a alg\u00fan pr\u00e9stamo o fiado para comprar comida y m\u00e1s de la mitad de los hogares \u2013donde viven casi siete millones de chicos\u2013 debieron dejar de comprar alg\u00fan alimento por falta de dinero.<\/p>\n<p class=\"com-paragraph   --s\">\u201cCuando las familias tienen que recortar consumos b\u00e1sicos como la carne o la leche, o directamente saltear comidas,\u00a0<strong>esto tiene un impacto no solo sobre el presente de los chicos y chicas, sino tambi\u00e9n sobre su futuro, porque no acceder a los nutrientes necesarios en la infancia<\/strong>\u00a0tiene efectos sobre su desarrollo\u201d, afirm\u00f3 Luisa Brumana, representante de Unicef Argentina.<\/p>\n<p class=\"com-paragraph   --s\">\u201cEn los \u00faltimos a\u00f1os se viene intensificando un fen\u00f3meno que alarma:\u00a0<strong>el de la pobreza con trabajo, que refiere a la incidencia de la pobreza en hogares en donde las personas adultas est\u00e1n ocupadas.<\/strong>\u00a0Sin embargo, lo que m\u00e1s preocupa es que recientemente se increment\u00f3 la pobreza en hogares con adultos ocupados en la formalidad laboral. Es decir, ni siquiera el trabajo formal est\u00e1 siendo eficaz para combatir la pobreza. Los datos m\u00e1s recientes muestran que viven en la pobreza un 37% de las chicas y chicos cuyos adultos a cargo son asalariados formales\u201d, apunt\u00f3 Sebasti\u00e1n Waisgrais, especialista en inclusi\u00f3n social y monitoreo de Unicef.<\/p>\n<div id=\"anexo-XTY34GBL5RAZHBOXIYSSCVVUWQ\" class=\"com-embed --html\">\n<div class=\"ln-info-responsive\">\n<h6 class=\"ln-info-responsive--titulo\">Hogares con ni\u00f1as y ni\u00f1os en donde los ingresos mensuales no alcanzan para los gastos espec\u00edficos de ni\u00f1as, ni\u00f1os y adolescentes<\/h6>\n<div class=\"img-container\"><img decoding=\"async\" title=\"Hogares con ni\u00f1as y ni\u00f1os en donde los ingresos mensuales no alcanzan para los gastos espec\u00edficos de ni\u00f1as, ni\u00f1os y adolescentes\" src=\"https:\/\/especialess3.lanacion.com.ar\/strapi\/informe_unicef_2_96d20aff1f.svg\" alt=\"Hogares con ni\u00f1as y ni\u00f1os en donde los ingresos mensuales no alcanzan para los gastos espec\u00edficos de ni\u00f1as, ni\u00f1os y adolescentes\" width=\"100%\" \/><\/div>\n<div class=\"ln-info-responsive--fuente\">Fuente: Unicef<\/div>\n<\/div>\n<\/div>\n<p class=\"com-paragraph   --s\">El estudio revela que en nueve de cada diez familias\u00a0<strong>los ingresos no alcanzan para comprar la misma cantidad de productos b\u00e1sicos que en 2023<\/strong>, mientras que en el 82% los ingresos no logran solventar gastos espec\u00edficos de los chicos,\u00a0<strong>como \u00fatiles escolares, transporte, vestimenta y calzado<\/strong>.<\/p>\n","protected":false},"excerpt":{"rendered":"<p>Unos diez millones de chicas y chicos en la Argentina comen menos carne y l\u00e1cteos en comparaci\u00f3n al a\u00f1o pasado<\/p>\n","protected":false},"author":1,"featured_media":15753,"comment_status":"closed","ping_status":"closed","sticky":false,"template":"","format":"standard","meta":{"footnotes":"","jetpack_publicize_message":"","jetpack_publicize_feature_enabled":true,"jetpack_social_post_already_shared":true,"jetpack_social_options":{"image_generator_settings":{"template":"highway","enabled":false},"version":2}},"categories":[4],"tags":[],"class_list":["post-15752","post","type-post","status-publish","format-standard","has-post-thumbnail","hentry","category-nacionales"],"jetpack_publicize_connections":[],"_links":{"self":[{"href":"https:\/\/diariorepublica.com.ar\/web\/index.php\/wp-json\/wp\/v2\/posts\/15752"}],"collection":[{"href":"https:\/\/diariorepublica.com.ar\/web\/index.php\/wp-json\/wp\/v2\/posts"}],"about":[{"href":"https:\/\/diariorepublica.com.ar\/web\/index.php\/wp-json\/wp\/v2\/types\/post"}],"author":[{"embeddable":true,"href":"https:\/\/diariorepublica.com.ar\/web\/index.php\/wp-json\/wp\/v2\/users\/1"}],"replies":[{"embeddable":true,"href":"https:\/\/diariorepublica.com.ar\/web\/index.php\/wp-json\/wp\/v2\/comments?post=15752"}],"version-history":[{"count":1,"href":"https:\/\/diariorepublica.com.ar\/web\/index.php\/wp-json\/wp\/v2\/posts\/15752\/revisions"}],"predecessor-version":[{"id":15754,"href":"https:\/\/diariorepublica.com.ar\/web\/index.php\/wp-json\/wp\/v2\/posts\/15752\/revisions\/15754"}],"wp:featuredmedia":[{"embeddable":true,"href":"https:\/\/diariorepublica.com.ar\/web\/index.php\/wp-json\/wp\/v2\/media\/15753"}],"wp:attachment":[{"href":"https:\/\/diariorepublica.com.ar\/web\/index.php\/wp-json\/wp\/v2\/media?parent=15752"}],"wp:term":[{"taxonomy":"category","embeddable":true,"href":"https:\/\/diariorepublica.com.ar\/web\/index.php\/wp-json\/wp\/v2\/categories?post=15752"},{"taxonomy":"post_tag","embeddable":true,"href":"https:\/\/diariorepublica.com.ar\/web\/index.php\/wp-json\/wp\/v2\/tags?post=15752"}],"curies":[{"name":"wp","href":"https:\/\/api.w.org\/{rel}","templated":true}]}}