{"id":1576,"date":"2023-04-17T09:32:39","date_gmt":"2023-04-17T12:32:39","guid":{"rendered":"https:\/\/diariorepublica.com.ar\/web\/?p=1576"},"modified":"2023-04-17T09:32:40","modified_gmt":"2023-04-17T12:32:40","slug":"desde-hoy-se-cierra-el-transito-vehicular-por-el-puente-de-sumalao","status":"publish","type":"post","link":"https:\/\/diariorepublica.com.ar\/web\/index.php\/sociedad\/2023\/04\/17\/desde-hoy-se-cierra-el-transito-vehicular-por-el-puente-de-sumalao\/","title":{"rendered":"Desde hoy se cierra el transito vehicular por el puente de Sumalao"},"content":{"rendered":"<p>Vialidad Provincial inform\u00f3 que est\u00e1 prohibida la circulaci\u00f3n del tr\u00e1nsito pesado sobre el puente de ruta 33 sobre el R\u00edo del Valle, en Sumalao, que une los departamentos Valle Viejo y Capital<\/p>\n<p>Adem\u00e1s comunic\u00f3 que a partir de hoy lunes 17 de Abril, se interrumpir\u00e1 en su totalidad el tr\u00e1nsito vehicular, en virtud de que inician los estudios necesarios para determinar el estado de las fundaciones, la subestructura y la superestructura del puente, tareas \u00e9stas, necesarias a fin de determinar los trabajos a ejecutar. Personal policial trabaj\u00f3 en el lugar y desde la empresa del servicio el\u00e9ctrico trabajan para reestablecer la energ\u00eda el\u00e9ctrica.<\/p>\n","protected":false},"excerpt":{"rendered":"<p>Vialidad Provincial inform\u00f3 que est\u00e1 prohibida la circulaci\u00f3n del tr\u00e1nsito pesado sobre el puente de ruta 33 sobre el R\u00edo<\/p>\n","protected":false},"author":2,"featured_media":1577,"comment_status":"closed","ping_status":"closed","sticky":false,"template":"","format":"standard","meta":{"footnotes":"","jetpack_publicize_message":"","jetpack_publicize_feature_enabled":true,"jetpack_social_post_already_shared":false,"jetpack_social_options":{"image_generator_settings":{"template":"highway","enabled":false},"version":2}},"categories":[3],"tags":[],"class_list":["post-1576","post","type-post","status-publish","format-standard","has-post-thumbnail","hentry","category-sociedad"],"jetpack_publicize_connections":[],"_links":{"self":[{"href":"https:\/\/diariorepublica.com.ar\/web\/index.php\/wp-json\/wp\/v2\/posts\/1576"}],"collection":[{"href":"https:\/\/diariorepublica.com.ar\/web\/index.php\/wp-json\/wp\/v2\/posts"}],"about":[{"href":"https:\/\/diariorepublica.com.ar\/web\/index.php\/wp-json\/wp\/v2\/types\/post"}],"author":[{"embeddable":true,"href":"https:\/\/diariorepublica.com.ar\/web\/index.php\/wp-json\/wp\/v2\/users\/2"}],"replies":[{"embeddable":true,"href":"https:\/\/diariorepublica.com.ar\/web\/index.php\/wp-json\/wp\/v2\/comments?post=1576"}],"version-history":[{"count":1,"href":"https:\/\/diariorepublica.com.ar\/web\/index.php\/wp-json\/wp\/v2\/posts\/1576\/revisions"}],"predecessor-version":[{"id":1578,"href":"https:\/\/diariorepublica.com.ar\/web\/index.php\/wp-json\/wp\/v2\/posts\/1576\/revisions\/1578"}],"wp:featuredmedia":[{"embeddable":true,"href":"https:\/\/diariorepublica.com.ar\/web\/index.php\/wp-json\/wp\/v2\/media\/1577"}],"wp:attachment":[{"href":"https:\/\/diariorepublica.com.ar\/web\/index.php\/wp-json\/wp\/v2\/media?parent=1576"}],"wp:term":[{"taxonomy":"category","embeddable":true,"href":"https:\/\/diariorepublica.com.ar\/web\/index.php\/wp-json\/wp\/v2\/categories?post=1576"},{"taxonomy":"post_tag","embeddable":true,"href":"https:\/\/diariorepublica.com.ar\/web\/index.php\/wp-json\/wp\/v2\/tags?post=1576"}],"curies":[{"name":"wp","href":"https:\/\/api.w.org\/{rel}","templated":true}]}}