{"id":15774,"date":"2024-06-13T06:25:00","date_gmt":"2024-06-13T09:25:00","guid":{"rendered":"https:\/\/diariorepublica.com.ar\/web\/?p=15774"},"modified":"2024-06-13T07:26:17","modified_gmt":"2024-06-13T10:26:17","slug":"messi-mi-ultimo-club-va-a-ser-el-inter-miami","status":"publish","type":"post","link":"https:\/\/diariorepublica.com.ar\/web\/index.php\/deportes\/2024\/06\/13\/messi-mi-ultimo-club-va-a-ser-el-inter-miami\/","title":{"rendered":"Messi: \u00abMi \u00faltimo club va a ser el Inter Miami\u00bb"},"content":{"rendered":"<p><strong>Lionel Messi<\/strong>, capit\u00e1n de la\u00a0<strong>Selecci\u00f3n argentina<\/strong>, adelant\u00f3 que su \u00faltimo club \u00abva a ser el<strong>\u00a0Inter Miam<\/strong>i\u00bb y asegur\u00f3 que no est\u00e1 \u00abpreparado para dejar el f\u00fatbol\u00bb debido a que \u00abtoda la vida\u00bb se dedic\u00f3 a este deporte.<\/p>\n<p>En un adelanto que dio ESPN del mano a mano que\u00a0<strong>saldr\u00e1 completo hoy a las 18:30<\/strong>, Messi reconoci\u00f3: \u00abNo estoy preparado para dejar el f\u00fatbol, toda la vida hice esto.\u00a0<strong>Me encanta jugar a la pelota, disfruto de los entrenamientos, del d\u00eda a d\u00eda y de los partidos\u00bb.<\/strong><\/p>\n<p>\u00abUn poco de miedo a que se termine todo siempre est\u00e1.\u00a0<strong>Fue un paso dif\u00edcil dejar Europa para venirme ac\u00e1\u00bb<\/strong>, confes\u00f3.<\/p>\n<p>Por otra parte, Messi destac\u00f3:\u00a0<strong>\u00abEl hecho de haber sido campe\u00f3n del mundo ayud\u00f3 mucho a ver las cosas de otra manera<\/strong>. Por eso disfruto much\u00edsimo m\u00e1s todo, porque soy consciente de que cada vez falta menos y la paso bien tanto en el club como en la Selecci\u00f3n\u00bb.<\/p>\n<p>En tanto, cerr\u00f3: \u00ab<strong>Disfruto de los peque\u00f1os detalles que s\u00e9 que voy a extra\u00f1ar cuando no juegue m\u00e1s<\/strong>\u00ab.<\/p>\n<p>En 29 partidos con el Inter Miami, Messi ya anot\u00f3 25 goles, dio 16 asistencias y levant\u00f3 el primer t\u00edtulo de la historia del club al ganar la Leagues Cup el a\u00f1o pasado.<\/p>\n<p>El pr\u00f3ximo desaf\u00edo de Messi, que no descart\u00f3 la posibilidad de jugar el Mundial de 2026, ser\u00e1 la Copa Am\u00e9rica. El torneo continental comenzar\u00e1 el 20 de junio, con el partido inaugural entre la Selecci\u00f3n argentina y Canad\u00e1.<\/p>\n","protected":false},"excerpt":{"rendered":"<p>Lionel Messi, capit\u00e1n de la\u00a0Selecci\u00f3n argentina, adelant\u00f3 que su \u00faltimo club \u00abva a ser el\u00a0Inter Miami\u00bb y asegur\u00f3 que no<\/p>\n","protected":false},"author":1,"featured_media":15775,"comment_status":"closed","ping_status":"closed","sticky":false,"template":"","format":"standard","meta":{"footnotes":"","jetpack_publicize_message":"","jetpack_publicize_feature_enabled":true,"jetpack_social_post_already_shared":true,"jetpack_social_options":{"image_generator_settings":{"template":"highway","enabled":false},"version":2}},"categories":[9],"tags":[],"class_list":["post-15774","post","type-post","status-publish","format-standard","has-post-thumbnail","hentry","category-deportes"],"jetpack_publicize_connections":[],"_links":{"self":[{"href":"https:\/\/diariorepublica.com.ar\/web\/index.php\/wp-json\/wp\/v2\/posts\/15774"}],"collection":[{"href":"https:\/\/diariorepublica.com.ar\/web\/index.php\/wp-json\/wp\/v2\/posts"}],"about":[{"href":"https:\/\/diariorepublica.com.ar\/web\/index.php\/wp-json\/wp\/v2\/types\/post"}],"author":[{"embeddable":true,"href":"https:\/\/diariorepublica.com.ar\/web\/index.php\/wp-json\/wp\/v2\/users\/1"}],"replies":[{"embeddable":true,"href":"https:\/\/diariorepublica.com.ar\/web\/index.php\/wp-json\/wp\/v2\/comments?post=15774"}],"version-history":[{"count":1,"href":"https:\/\/diariorepublica.com.ar\/web\/index.php\/wp-json\/wp\/v2\/posts\/15774\/revisions"}],"predecessor-version":[{"id":15776,"href":"https:\/\/diariorepublica.com.ar\/web\/index.php\/wp-json\/wp\/v2\/posts\/15774\/revisions\/15776"}],"wp:featuredmedia":[{"embeddable":true,"href":"https:\/\/diariorepublica.com.ar\/web\/index.php\/wp-json\/wp\/v2\/media\/15775"}],"wp:attachment":[{"href":"https:\/\/diariorepublica.com.ar\/web\/index.php\/wp-json\/wp\/v2\/media?parent=15774"}],"wp:term":[{"taxonomy":"category","embeddable":true,"href":"https:\/\/diariorepublica.com.ar\/web\/index.php\/wp-json\/wp\/v2\/categories?post=15774"},{"taxonomy":"post_tag","embeddable":true,"href":"https:\/\/diariorepublica.com.ar\/web\/index.php\/wp-json\/wp\/v2\/tags?post=15774"}],"curies":[{"name":"wp","href":"https:\/\/api.w.org\/{rel}","templated":true}]}}