{"id":15802,"date":"2024-06-13T07:17:00","date_gmt":"2024-06-13T10:17:00","guid":{"rendered":"https:\/\/diariorepublica.com.ar\/web\/?p=15802"},"modified":"2024-06-13T08:18:40","modified_gmt":"2024-06-13T11:18:40","slug":"el-senado-rechazo-los-cambios-en-el-impuesto-a-las-ganancias-del-paquete-fiscal","status":"publish","type":"post","link":"https:\/\/diariorepublica.com.ar\/web\/index.php\/politica\/2024\/06\/13\/el-senado-rechazo-los-cambios-en-el-impuesto-a-las-ganancias-del-paquete-fiscal\/","title":{"rendered":"El Senado rechaz\u00f3 los cambios en el impuesto a las Ganancias del paquete fiscal"},"content":{"rendered":"<p>El Senado rechaz\u00f3 el t\u00edtulo 5 del paquete fiscal referido al impuesto a las Ganancias. En una re\u00f1ida discusi\u00f3n en particular de la norma, los legisladores votaron en contra de la iniciativa propuesta por el oficialismo, que restitu\u00eda la cuarta categor\u00eda y afectaba a un mill\u00f3n de trabajadores.<\/p>\n<p>El t\u00edtulo 5, sobre los cambios en impuesto a las Ganancias, el resultado de la votaci\u00f3n fue de 41 votos en contra y 31 a favor.<\/p>\n<p>La aplicaci\u00f3n del impuesto estaba prevista\u00a0<strong>desde los $1.800.000 brutos para un soltero sin hijos<\/strong>. Cuando el exministro de Econom\u00eda\u00a0<strong>Jos\u00e9<\/strong>\u00a0<strong>Luis Machinea propuso la famosa \u201ctablita\u201d<\/strong>\u00a0que establec\u00eda una rebaja de las deducciones en la medida en que la persona cobraba salarios m\u00e1s altos<strong>, la \u00faltima categor\u00eda comenzaba desde los $120.000 anuales, que eran equivalentes entonces a u$s120.000.<\/strong><\/p>\n<article class=\"article-body article-body--fourth-paragraph content-protected-false\">La propuesta del paquete fiscal impulsado por el gobierno de Javier Milei indicaba que\u00a0<strong>las escalas de las al\u00edcuotas ser\u00edan m\u00e1s progresivas y se mover\u00edan entre el 5 y el 35%<\/strong>. El\u00a0<strong>m\u00e1ximo<\/strong>\u00a0podr\u00eda aplicarse a partir de un\u00a0<strong>ingreso anual de $36.450.000.<\/strong><\/p>\n<\/article>\n<article class=\"article-body article-body--remaining-paragraph content-protected-false\">En ese caso, un asalariado con\u00a0<strong>una remuneraci\u00f3n bruta de $3.200.000 que no tenga deducciones<\/strong>\u00a0ni por c\u00f3nyuge ni por hijos, ni tampoco por gastos como alquiler o servicio dom\u00e9stico,\u00a0<strong>pagar\u00eda un impuesto mensual de $247.564,83<\/strong>.<\/p>\n<\/article>\n","protected":false},"excerpt":{"rendered":"<p>El Senado rechaz\u00f3 el t\u00edtulo 5 del paquete fiscal referido al impuesto a las Ganancias. En una re\u00f1ida discusi\u00f3n en<\/p>\n","protected":false},"author":1,"featured_media":15803,"comment_status":"closed","ping_status":"closed","sticky":false,"template":"","format":"standard","meta":{"footnotes":"","jetpack_publicize_message":"","jetpack_publicize_feature_enabled":true,"jetpack_social_post_already_shared":true,"jetpack_social_options":{"image_generator_settings":{"template":"highway","enabled":false},"version":2}},"categories":[12],"tags":[],"class_list":["post-15802","post","type-post","status-publish","format-standard","has-post-thumbnail","hentry","category-politica"],"jetpack_publicize_connections":[],"_links":{"self":[{"href":"https:\/\/diariorepublica.com.ar\/web\/index.php\/wp-json\/wp\/v2\/posts\/15802"}],"collection":[{"href":"https:\/\/diariorepublica.com.ar\/web\/index.php\/wp-json\/wp\/v2\/posts"}],"about":[{"href":"https:\/\/diariorepublica.com.ar\/web\/index.php\/wp-json\/wp\/v2\/types\/post"}],"author":[{"embeddable":true,"href":"https:\/\/diariorepublica.com.ar\/web\/index.php\/wp-json\/wp\/v2\/users\/1"}],"replies":[{"embeddable":true,"href":"https:\/\/diariorepublica.com.ar\/web\/index.php\/wp-json\/wp\/v2\/comments?post=15802"}],"version-history":[{"count":1,"href":"https:\/\/diariorepublica.com.ar\/web\/index.php\/wp-json\/wp\/v2\/posts\/15802\/revisions"}],"predecessor-version":[{"id":15804,"href":"https:\/\/diariorepublica.com.ar\/web\/index.php\/wp-json\/wp\/v2\/posts\/15802\/revisions\/15804"}],"wp:featuredmedia":[{"embeddable":true,"href":"https:\/\/diariorepublica.com.ar\/web\/index.php\/wp-json\/wp\/v2\/media\/15803"}],"wp:attachment":[{"href":"https:\/\/diariorepublica.com.ar\/web\/index.php\/wp-json\/wp\/v2\/media?parent=15802"}],"wp:term":[{"taxonomy":"category","embeddable":true,"href":"https:\/\/diariorepublica.com.ar\/web\/index.php\/wp-json\/wp\/v2\/categories?post=15802"},{"taxonomy":"post_tag","embeddable":true,"href":"https:\/\/diariorepublica.com.ar\/web\/index.php\/wp-json\/wp\/v2\/tags?post=15802"}],"curies":[{"name":"wp","href":"https:\/\/api.w.org\/{rel}","templated":true}]}}