{"id":15812,"date":"2024-06-13T08:39:14","date_gmt":"2024-06-13T11:39:14","guid":{"rendered":"https:\/\/diariorepublica.com.ar\/web\/?p=15812"},"modified":"2024-06-13T08:39:16","modified_gmt":"2024-06-13T11:39:16","slug":"construyamos-una-catamarca-mejor","status":"publish","type":"post","link":"https:\/\/diariorepublica.com.ar\/web\/index.php\/politica\/2024\/06\/13\/construyamos-una-catamarca-mejor\/","title":{"rendered":"\u201cConstruyamos una Catamarca mejor\u201d"},"content":{"rendered":"<p>Mediante un documento titulado \u201cConstruyamos una Catamarca mejor\u201d, un grupo de referentes de distintos partidos pol\u00edticos de la provincia hicieron conocer la conformaci\u00f3n de una nueva propuesta opositora.<\/p>\n<p>As\u00ed, entre los firmantes del documento figuran Bernardo Quintar, Silvina Acevedo, Marcelo Arag\u00f3n Ju\u00e1rez, Patricia \u00c1lvarez, Daniel Ortega, Carmen C\u00e1ceres, Mariano Manzi, Javier Espinoza, Alexis Castro, Diego Savio, Leonardo Ramayo, Javier Madriaga, Enrique Cesarini, Roberto Herrera, Ram\u00f3n Edgardo Mazza Tomassi, Ariel Santill\u00e1n y Rub\u00e9n Manzi. En el listado aparecen actores pol\u00edticos de la UCR, del PRO y de la CC-ARI.<\/p>\n<p>Entre lo expuesto por este flamante espacio pol\u00edtico, se indica que los hombre y mujeres \u201cfuimos forjando una amistad pol\u00edtica cimentada en las coincidencias y enriquecida en las disidencias\u201d y que \u201cqueremos expresar nuestra voluntad de confluir con distintos sectores para animarnos a pensar y a construir una Catamarca mejor\u201d.<\/p>\n<p>Tras cuestionar la situaci\u00f3n de la provincia, tanto desde lo econ\u00f3mico como desde lo social, sostienen que \u201cvivimos, desde hace unos a\u00f1os, una fuerte tendencia a la consolidaci\u00f3n de un capitalismo de amigos con un gobernador que no disimula sus ansias hegem\u00f3nicas\u201d. \u201cSabemos que mucha gente est\u00e1 cansada de tanta arbitrariedad y corrupci\u00f3n. Pero tambi\u00e9n sabemos que cada vez somos m\u00e1s los que estamos convencidos de que podemos ser capaces de construir una Catamarca distinta en Uni\u00f3n y Libertad\u201d, concluyen.<\/p>\n","protected":false},"excerpt":{"rendered":"<p>Mediante un documento titulado \u201cConstruyamos una Catamarca mejor\u201d, un grupo de referentes de distintos partidos pol\u00edticos de la provincia hicieron<\/p>\n","protected":false},"author":2,"featured_media":15813,"comment_status":"closed","ping_status":"closed","sticky":false,"template":"","format":"standard","meta":{"footnotes":"","jetpack_publicize_message":"","jetpack_publicize_feature_enabled":true,"jetpack_social_post_already_shared":true,"jetpack_social_options":{"image_generator_settings":{"template":"highway","enabled":false},"version":2}},"categories":[12],"tags":[],"class_list":["post-15812","post","type-post","status-publish","format-standard","has-post-thumbnail","hentry","category-politica"],"jetpack_publicize_connections":[],"_links":{"self":[{"href":"https:\/\/diariorepublica.com.ar\/web\/index.php\/wp-json\/wp\/v2\/posts\/15812"}],"collection":[{"href":"https:\/\/diariorepublica.com.ar\/web\/index.php\/wp-json\/wp\/v2\/posts"}],"about":[{"href":"https:\/\/diariorepublica.com.ar\/web\/index.php\/wp-json\/wp\/v2\/types\/post"}],"author":[{"embeddable":true,"href":"https:\/\/diariorepublica.com.ar\/web\/index.php\/wp-json\/wp\/v2\/users\/2"}],"replies":[{"embeddable":true,"href":"https:\/\/diariorepublica.com.ar\/web\/index.php\/wp-json\/wp\/v2\/comments?post=15812"}],"version-history":[{"count":1,"href":"https:\/\/diariorepublica.com.ar\/web\/index.php\/wp-json\/wp\/v2\/posts\/15812\/revisions"}],"predecessor-version":[{"id":15814,"href":"https:\/\/diariorepublica.com.ar\/web\/index.php\/wp-json\/wp\/v2\/posts\/15812\/revisions\/15814"}],"wp:featuredmedia":[{"embeddable":true,"href":"https:\/\/diariorepublica.com.ar\/web\/index.php\/wp-json\/wp\/v2\/media\/15813"}],"wp:attachment":[{"href":"https:\/\/diariorepublica.com.ar\/web\/index.php\/wp-json\/wp\/v2\/media?parent=15812"}],"wp:term":[{"taxonomy":"category","embeddable":true,"href":"https:\/\/diariorepublica.com.ar\/web\/index.php\/wp-json\/wp\/v2\/categories?post=15812"},{"taxonomy":"post_tag","embeddable":true,"href":"https:\/\/diariorepublica.com.ar\/web\/index.php\/wp-json\/wp\/v2\/tags?post=15812"}],"curies":[{"name":"wp","href":"https:\/\/api.w.org\/{rel}","templated":true}]}}