{"id":15815,"date":"2024-06-13T08:44:50","date_gmt":"2024-06-13T11:44:50","guid":{"rendered":"https:\/\/diariorepublica.com.ar\/web\/?p=15815"},"modified":"2024-06-13T08:44:52","modified_gmt":"2024-06-13T11:44:52","slug":"jalil-reactivo-las-obras-de-urbanizacion-viviendas-y-la-nueva-terminal-en-fiambala","status":"publish","type":"post","link":"https:\/\/diariorepublica.com.ar\/web\/index.php\/politica\/2024\/06\/13\/jalil-reactivo-las-obras-de-urbanizacion-viviendas-y-la-nueva-terminal-en-fiambala\/","title":{"rendered":"Jalil reactiv\u00f3 las obras de urbanizaci\u00f3n, viviendas y la nueva Terminal en Fiambal\u00e1"},"content":{"rendered":"<p>El gobernador Ra\u00fal Jalil puso en marcha una serie de obras significativas en Fiambal\u00e1, centradas en la urbanizaci\u00f3n del casco c\u00e9ntrico, la reactivaci\u00f3n de la Terminal de \u00d3mnibus y la construcci\u00f3n de viviendas. Las empresas contratadas ya est\u00e1n trabajando en estos tres proyectos claves para la comunidad.<\/p>\n<p>La obra de la Terminal de \u00f3mnibus, largamente esperada por los vecinos de Fiambal\u00e1, fue reactivada y se est\u00e1 avanzando en la mamposter\u00eda, en el refuerzo de las estructuras met\u00e1licas, y en la instalaci\u00f3n del sistema cloacal y los sanitarios. El predio contar\u00e1 con boleter\u00edas, ocho andenes, un espacio cubierto de espera, restaurante, cocina, y un sector gastron\u00f3mico-comercial.<\/p>\n<p>En cuanto a la urbanizaci\u00f3n del casco c\u00e9ntrico, se est\u00e1 asfaltando m\u00e1s de tres mil metros de las principales arterias, respondiendo a una demanda hist\u00f3rica de los vecinos y vecinas de Fiambal\u00e1.<\/p>\n<p>El gobernador y su comitiva tambi\u00e9n visitaron la obra de construcci\u00f3n de 30 viviendas en el barrio Juan Manuel Salas, reactivada por gestiones del Gobierno Provincial. Dos de estas viviendas est\u00e1n adaptadas para familias con miembros que tienen discapacidades.<\/p>\n<p>El intendente de Fiambal\u00e1, Ra\u00fal Usqueda, destac\u00f3 la importancia de la reactivaci\u00f3n de las obras p\u00fablicas en la localidad, subrayando el impacto positivo en la urbanizaci\u00f3n y la mejora de los servicios para los vecinos.<\/p>\n<p>\u201cHoy es otro d\u00eda de satisfacci\u00f3n y orgullo para los fiambalenses, por estas obras tan importantes que nuestro pueblo ven\u00eda anhelando desde hace mucho tiempo para jerarquizar la urbanizaci\u00f3n y lograr mejores servicios\u201d, expres\u00f3 el intendente durante el acto de inicio de las obras.<\/p>\n<p>Adem\u00e1s, el jefe comunal agradeci\u00f3 al gobernador Ra\u00fal Jalil por el buen di\u00e1logo y la cooperaci\u00f3n: \u201cGracias al Gobernador por escuchar los pedidos de nuestro pueblo. Esperamos seguir trabajando en conjunto para lograr el desarrollo de nuestras comunidades\u201d, se\u00f1al\u00f3.<\/p>\n<p>Al finalizar su visita en Fiambal\u00e1, el Gobernador recorri\u00f3 las refacciones realizadas en la Escuela N\u00ba 314 \u201cMar\u00eda Verasay de Saleme\u201d, donde adem\u00e1s dialog\u00f3 con estudiantes y docentes para escuchar sus necesidades en busca de una educaci\u00f3n de m\u00e1s calidad y eficiente.<\/p>\n<p>Acompa\u00f1aron las actividades el ministro de Gobierno, Justicia y Derechos Humanos, Fernando \u00c1vila; el ministro de Infraestructura y Obras Civiles, Juan Marchetti; el diputado nacional Sebasti\u00e1n Noblega; el intendente Ra\u00fal Usqueda y el CEO de Zijin-Liex, Gao Jianneng, entre otras autoridades.<\/p>\n","protected":false},"excerpt":{"rendered":"<p>El gobernador Ra\u00fal Jalil puso en marcha una serie de obras significativas en Fiambal\u00e1, centradas en la urbanizaci\u00f3n del casco<\/p>\n","protected":false},"author":2,"featured_media":15816,"comment_status":"closed","ping_status":"closed","sticky":false,"template":"","format":"standard","meta":{"footnotes":"","jetpack_publicize_message":"","jetpack_publicize_feature_enabled":true,"jetpack_social_post_already_shared":true,"jetpack_social_options":{"image_generator_settings":{"template":"highway","enabled":false},"version":2}},"categories":[12],"tags":[],"class_list":["post-15815","post","type-post","status-publish","format-standard","has-post-thumbnail","hentry","category-politica"],"jetpack_publicize_connections":[],"_links":{"self":[{"href":"https:\/\/diariorepublica.com.ar\/web\/index.php\/wp-json\/wp\/v2\/posts\/15815"}],"collection":[{"href":"https:\/\/diariorepublica.com.ar\/web\/index.php\/wp-json\/wp\/v2\/posts"}],"about":[{"href":"https:\/\/diariorepublica.com.ar\/web\/index.php\/wp-json\/wp\/v2\/types\/post"}],"author":[{"embeddable":true,"href":"https:\/\/diariorepublica.com.ar\/web\/index.php\/wp-json\/wp\/v2\/users\/2"}],"replies":[{"embeddable":true,"href":"https:\/\/diariorepublica.com.ar\/web\/index.php\/wp-json\/wp\/v2\/comments?post=15815"}],"version-history":[{"count":1,"href":"https:\/\/diariorepublica.com.ar\/web\/index.php\/wp-json\/wp\/v2\/posts\/15815\/revisions"}],"predecessor-version":[{"id":15817,"href":"https:\/\/diariorepublica.com.ar\/web\/index.php\/wp-json\/wp\/v2\/posts\/15815\/revisions\/15817"}],"wp:featuredmedia":[{"embeddable":true,"href":"https:\/\/diariorepublica.com.ar\/web\/index.php\/wp-json\/wp\/v2\/media\/15816"}],"wp:attachment":[{"href":"https:\/\/diariorepublica.com.ar\/web\/index.php\/wp-json\/wp\/v2\/media?parent=15815"}],"wp:term":[{"taxonomy":"category","embeddable":true,"href":"https:\/\/diariorepublica.com.ar\/web\/index.php\/wp-json\/wp\/v2\/categories?post=15815"},{"taxonomy":"post_tag","embeddable":true,"href":"https:\/\/diariorepublica.com.ar\/web\/index.php\/wp-json\/wp\/v2\/tags?post=15815"}],"curies":[{"name":"wp","href":"https:\/\/api.w.org\/{rel}","templated":true}]}}