{"id":1583,"date":"2023-04-17T09:49:18","date_gmt":"2023-04-17T12:49:18","guid":{"rendered":"https:\/\/diariorepublica.com.ar\/web\/?p=1583"},"modified":"2023-04-17T09:49:19","modified_gmt":"2023-04-17T12:49:19","slug":"conadu-historica-ratifico-el-paro-de-los-universitarios","status":"publish","type":"post","link":"https:\/\/diariorepublica.com.ar\/web\/index.php\/sociedad\/2023\/04\/17\/conadu-historica-ratifico-el-paro-de-los-universitarios\/","title":{"rendered":"Conadu Hist\u00f3rica ratific\u00f3 el paro de los universitarios"},"content":{"rendered":"<p>Luego del plenario del Consejo Interuniversitario Nacional (CIN) llevado a cabo en la provincia de Santa Fe, la mesa ejecutiva nacional de la Conadu Hist\u00f3rica ratific\u00f3 el paro nacional convocado para esta semana para \u00e1mbitos universitarios y preuniversitarios, pidiendo por la pronta reapertura de la paritaria nacional, ante una inflaci\u00f3n de marzo del 7,7%, con una acumulada en lo que va del a\u00f1o del 21,7% y con un porcentaje del 104,3% en los \u00faltimos doce meses.<\/p>\n<p>La medida es sin presencia a los lugares de trabajo y se llevar\u00e1 a cabo hasta el proximo dia viernes afectando a las escuelas preuniversitarias ENET N\u00b0 1, Preuniversitaria FME y todas las facultades que componen la casa de Altos Estudios<\/p>\n","protected":false},"excerpt":{"rendered":"<p>Luego del plenario del Consejo Interuniversitario Nacional (CIN) llevado a cabo en la provincia de Santa Fe, la mesa ejecutiva<\/p>\n","protected":false},"author":2,"featured_media":1584,"comment_status":"closed","ping_status":"closed","sticky":false,"template":"","format":"standard","meta":{"footnotes":"","jetpack_publicize_message":"","jetpack_publicize_feature_enabled":true,"jetpack_social_post_already_shared":false,"jetpack_social_options":{"image_generator_settings":{"template":"highway","enabled":false},"version":2}},"categories":[3],"tags":[],"class_list":["post-1583","post","type-post","status-publish","format-standard","has-post-thumbnail","hentry","category-sociedad"],"jetpack_publicize_connections":[],"_links":{"self":[{"href":"https:\/\/diariorepublica.com.ar\/web\/index.php\/wp-json\/wp\/v2\/posts\/1583"}],"collection":[{"href":"https:\/\/diariorepublica.com.ar\/web\/index.php\/wp-json\/wp\/v2\/posts"}],"about":[{"href":"https:\/\/diariorepublica.com.ar\/web\/index.php\/wp-json\/wp\/v2\/types\/post"}],"author":[{"embeddable":true,"href":"https:\/\/diariorepublica.com.ar\/web\/index.php\/wp-json\/wp\/v2\/users\/2"}],"replies":[{"embeddable":true,"href":"https:\/\/diariorepublica.com.ar\/web\/index.php\/wp-json\/wp\/v2\/comments?post=1583"}],"version-history":[{"count":1,"href":"https:\/\/diariorepublica.com.ar\/web\/index.php\/wp-json\/wp\/v2\/posts\/1583\/revisions"}],"predecessor-version":[{"id":1585,"href":"https:\/\/diariorepublica.com.ar\/web\/index.php\/wp-json\/wp\/v2\/posts\/1583\/revisions\/1585"}],"wp:featuredmedia":[{"embeddable":true,"href":"https:\/\/diariorepublica.com.ar\/web\/index.php\/wp-json\/wp\/v2\/media\/1584"}],"wp:attachment":[{"href":"https:\/\/diariorepublica.com.ar\/web\/index.php\/wp-json\/wp\/v2\/media?parent=1583"}],"wp:term":[{"taxonomy":"category","embeddable":true,"href":"https:\/\/diariorepublica.com.ar\/web\/index.php\/wp-json\/wp\/v2\/categories?post=1583"},{"taxonomy":"post_tag","embeddable":true,"href":"https:\/\/diariorepublica.com.ar\/web\/index.php\/wp-json\/wp\/v2\/tags?post=1583"}],"curies":[{"name":"wp","href":"https:\/\/api.w.org\/{rel}","templated":true}]}}