{"id":15837,"date":"2024-06-13T17:44:00","date_gmt":"2024-06-13T20:44:00","guid":{"rendered":"https:\/\/diariorepublica.com.ar\/web\/?p=15837"},"modified":"2024-06-13T12:46:47","modified_gmt":"2024-06-13T15:46:47","slug":"inaugura-el-1-salon-provincial-de-artes-visuales-bicentenario-de-la-autonomia-de-catamarca","status":"publish","type":"post","link":"https:\/\/diariorepublica.com.ar\/web\/index.php\/sociedad\/2024\/06\/13\/inaugura-el-1-salon-provincial-de-artes-visuales-bicentenario-de-la-autonomia-de-catamarca\/","title":{"rendered":"Inaugura el 1\u00b0 Sal\u00f3n Provincial de Artes Visuales Bicentenario de la Autonom\u00eda de Catamarca"},"content":{"rendered":"<p>El pr\u00f3ximo mi\u00e9rcoles 19 de junio a las 20 hs el Museo Bellas Artes Laureano Brizuela abrir\u00e1 sus puertas para la inauguraci\u00f3n del \u201c1\u00b0 Sal\u00f3n Provincial de Artes Visuales Bicentenario de la Autonom\u00eda de Catamarca (1821-2021)\u201d. Esta iniciativa, lanzada en agosto de 2023, estuvo dirigida a artistas visuales de toda la provincia.<\/p>\n<p>Veintid\u00f3s artistas visuales, seleccionados por un jurado, expondr\u00e1n sus obras de pintura, fotograf\u00eda, grabado, textil, dibujo y escultura. Entre ellos, se encuentran los tres ganadores de este primer sal\u00f3n y los dos artistas que recibieron menciones especiales.<\/p>\n<p>Los galardonados son:<\/p>\n<p><strong>Claudia Pucheta<\/strong>, quien obtuvo el 1\u00b0 Premio Adquisici\u00f3n con su obra textil \u00abCaminar sin hacer camino\u00bb, una met\u00e1fora sobre la preservaci\u00f3n de la tierra en Catamarca, destacando la importancia de disfrutar la vida sin perjudicar el entorno.<\/p>\n<p><strong>Mar\u00eda Estela Moreno<\/strong>\u00a0recibi\u00f3 el 2do Premio Adquisici\u00f3n por su obra cer\u00e1mica \u00ab\u00bfDe esta agua has de beber?\u00bb, una alegor\u00eda al antiguo filtro de agua rural de Catamarca, hecho de greda roja local. Con forma de chakana o cruz andina, simboliza los cuatro puntos cardinales y las estaciones del a\u00f1o, evocando el pasado incaico de la regi\u00f3n.<\/p>\n<p><strong>Karim Zaid Ayame<\/strong>\u00a0obtuvo el 3\u00ba Premio Adquisici\u00f3n con su fotograf\u00eda \u00abEn el lado Oeste del Valle\u00bb, que captura la esencia del paisaje del valle, donde la sal transportada por el viento zonda desde el mar se deposita en la arena. En la cima de la duna, el viento susurra una canci\u00f3n que el autor intenta descifrar con los ojos cerrados.<\/p>\n<p><strong>Giselle Issetta<\/strong>\u00a0recibi\u00f3 la 1\u00b0 Menci\u00f3n por su pintura \u00abTARDECITA\u00bb, que fusiona la pintura tradicional con elementos contempor\u00e1neos para retratar una calle calurosa del norte de la ciudad. La obra muestra diminutos personajes en tinta china transitando por un paisaje donde el verde seco del campo se mezcla con alambrados, tierra y \u00e1rboles como Lapachos y Palos Borrachos.<\/p>\n<p><strong>Ada Cigno<\/strong>\u00a0fue distinguida con la 2\u00b0 Menci\u00f3n por su grabado \u00abEl jard\u00edn de Gi\u00bb, que simboliza la vida y la resistencia de una mujer llamada Gi, quien ha cuidado a su hija Paloma durante 19 a\u00f1os, enfrent\u00e1ndose constantemente a la amenaza de la muerte. El jard\u00edn, lleno de vida y color, es un refugio seguro donde la muerte no entra, ofreciendo alegr\u00eda y seguridad a Paloma. Este paisaje refleja la fortaleza de las madres solteras que, como Gi, cultivan esperanza y resisten ante la adversidad.<\/p>\n<p>La muestra del 1\u00b0 Sal\u00f3n Provincial de Artes Visuales Bicentenario de la Autonom\u00eda de Catamarca (1821-2021) se inaugurar\u00e1 el mi\u00e9rcoles 19 de junio a las 20 horas y podr\u00e1 ser visitada hasta el 2 de agosto. Los horarios de visita son de lunes a viernes de 8 a 12 y de 15 a 20 horas, y los s\u00e1bados y feriados de 9 a 13 horas, en el Museo de Bellas Artes Laureano Brizuela, ubicado en San Mart\u00edn 316.<\/p>\n","protected":false},"excerpt":{"rendered":"<p>El pr\u00f3ximo mi\u00e9rcoles 19 de junio a las 20 hs el Museo Bellas Artes Laureano Brizuela abrir\u00e1 sus puertas para<\/p>\n","protected":false},"author":1,"featured_media":15838,"comment_status":"closed","ping_status":"closed","sticky":false,"template":"","format":"standard","meta":{"footnotes":"","jetpack_publicize_message":"","jetpack_publicize_feature_enabled":true,"jetpack_social_post_already_shared":true,"jetpack_social_options":{"image_generator_settings":{"template":"highway","enabled":false},"version":2}},"categories":[3],"tags":[],"class_list":["post-15837","post","type-post","status-publish","format-standard","has-post-thumbnail","hentry","category-sociedad"],"jetpack_publicize_connections":[],"_links":{"self":[{"href":"https:\/\/diariorepublica.com.ar\/web\/index.php\/wp-json\/wp\/v2\/posts\/15837"}],"collection":[{"href":"https:\/\/diariorepublica.com.ar\/web\/index.php\/wp-json\/wp\/v2\/posts"}],"about":[{"href":"https:\/\/diariorepublica.com.ar\/web\/index.php\/wp-json\/wp\/v2\/types\/post"}],"author":[{"embeddable":true,"href":"https:\/\/diariorepublica.com.ar\/web\/index.php\/wp-json\/wp\/v2\/users\/1"}],"replies":[{"embeddable":true,"href":"https:\/\/diariorepublica.com.ar\/web\/index.php\/wp-json\/wp\/v2\/comments?post=15837"}],"version-history":[{"count":1,"href":"https:\/\/diariorepublica.com.ar\/web\/index.php\/wp-json\/wp\/v2\/posts\/15837\/revisions"}],"predecessor-version":[{"id":15839,"href":"https:\/\/diariorepublica.com.ar\/web\/index.php\/wp-json\/wp\/v2\/posts\/15837\/revisions\/15839"}],"wp:featuredmedia":[{"embeddable":true,"href":"https:\/\/diariorepublica.com.ar\/web\/index.php\/wp-json\/wp\/v2\/media\/15838"}],"wp:attachment":[{"href":"https:\/\/diariorepublica.com.ar\/web\/index.php\/wp-json\/wp\/v2\/media?parent=15837"}],"wp:term":[{"taxonomy":"category","embeddable":true,"href":"https:\/\/diariorepublica.com.ar\/web\/index.php\/wp-json\/wp\/v2\/categories?post=15837"},{"taxonomy":"post_tag","embeddable":true,"href":"https:\/\/diariorepublica.com.ar\/web\/index.php\/wp-json\/wp\/v2\/tags?post=15837"}],"curies":[{"name":"wp","href":"https:\/\/api.w.org\/{rel}","templated":true}]}}