{"id":15844,"date":"2024-06-14T07:24:07","date_gmt":"2024-06-14T10:24:07","guid":{"rendered":"https:\/\/diariorepublica.com.ar\/web\/?p=15844"},"modified":"2024-06-14T07:24:09","modified_gmt":"2024-06-14T10:24:09","slug":"sigue-la-polemica-entre-soem-y-el-municipio","status":"publish","type":"post","link":"https:\/\/diariorepublica.com.ar\/web\/index.php\/sociedad\/2024\/06\/14\/sigue-la-polemica-entre-soem-y-el-municipio\/","title":{"rendered":"Sigue la pol\u00e9mica entre SOEM y el Municipio"},"content":{"rendered":"<p>A la espera de una respuesta favorable del Municipio de la Capital, los trabajadores nucleados en el SOEM no dan el brazo a torcer y contin\u00faan con las medidas de fuerza. En ese marco, se cumplieron 30 d\u00edas de huelga, y 11 d\u00edas de acampe frente al Palacio Municipal y diez movilizaciones por las calles de la capital catamarque\u00f1a.<\/p>\n<p>Los referentes sindicales solicitaron una audiencia con el gobernador Ra\u00fal Jalil, para interiorizarlo sobre las medidas de fuerza y pedir su intermediaci\u00f3n en el conflicto municipal.<\/p>\n<p>\u201cPedimos que el gobernador interceda en este conflicto que no se destraba por decisi\u00f3n exclusiva del intendente\u201d, indic\u00f3 el secretario general del SOEM, Lu\u00eds \u00c1lamo.<\/p>\n<p>Frente a este escenario, el gremialista carg\u00f3 contra la gesti\u00f3n de Gustavo Saadi. \u201cLas autoridades que se dan de dialoguistas no lo demuestras. Quieren dividir y minimizar el conflicto\u201d, indic\u00f3.<\/p>\n<p>\u201cEl intendente nunca tuvo contacto con el sindicato. Solamente sal\u00eda cuando se firmaban las actas de recomposici\u00f3n salarial, pero contacto con nosotros en mesa de conversaciones o problem\u00e1ticas de los trabajadores, nunca lo hizo\u201d, se\u00f1al\u00f3 el gremialista.<\/p>\n<p>\u201c\u00c9l quiere que todos seamos precarizados porque no le gusta los trabajadores asalariados\u201d, advirti\u00f3 \u00c1lamo.<\/p>\n<p>Tras una semana que se desarroll\u00f3 entre reuniones y versiones cruzadas, el acuerdo entre el Gobierno municipal y el SOEM se desvaneci\u00f3. No hubo respuesta oficial a la contrapuesta que present\u00f3 la representaci\u00f3n de los municipales capitalinos.<\/p>\n<p>En este tira y afloje, el sindicato dio el visto bueno a la propuesta de una recomposici\u00f3n que implique una suba del 25% de los haberes, en dos partes, m\u00e1s una remuneraci\u00f3n extraordinaria de 60 mil pesos.<\/p>\n<p>Sin embargo, no se firm\u00f3 el acta acuerdo debido a que el SOEM solicit\u00f3, adem\u00e1s del aumento, dar marcha atr\u00e1s con los descuentos realizados a los empleados de \u201cCatamarca Ciudad Trabaja\u201d, reincorporar a los becados dados de baja y garantizar el no descuento sobre el sueldo de junio por los d\u00edas de paro. Tres peticiones que el Municipio decidi\u00f3 no aceptar.<\/p>\n","protected":false},"excerpt":{"rendered":"<p>A la espera de una respuesta favorable del Municipio de la Capital, los trabajadores nucleados en el SOEM no dan<\/p>\n","protected":false},"author":2,"featured_media":15849,"comment_status":"closed","ping_status":"closed","sticky":false,"template":"","format":"standard","meta":{"footnotes":"","jetpack_publicize_message":"","jetpack_publicize_feature_enabled":true,"jetpack_social_post_already_shared":true,"jetpack_social_options":{"image_generator_settings":{"template":"highway","enabled":false},"version":2}},"categories":[3],"tags":[],"class_list":["post-15844","post","type-post","status-publish","format-standard","has-post-thumbnail","hentry","category-sociedad"],"jetpack_publicize_connections":[],"_links":{"self":[{"href":"https:\/\/diariorepublica.com.ar\/web\/index.php\/wp-json\/wp\/v2\/posts\/15844"}],"collection":[{"href":"https:\/\/diariorepublica.com.ar\/web\/index.php\/wp-json\/wp\/v2\/posts"}],"about":[{"href":"https:\/\/diariorepublica.com.ar\/web\/index.php\/wp-json\/wp\/v2\/types\/post"}],"author":[{"embeddable":true,"href":"https:\/\/diariorepublica.com.ar\/web\/index.php\/wp-json\/wp\/v2\/users\/2"}],"replies":[{"embeddable":true,"href":"https:\/\/diariorepublica.com.ar\/web\/index.php\/wp-json\/wp\/v2\/comments?post=15844"}],"version-history":[{"count":1,"href":"https:\/\/diariorepublica.com.ar\/web\/index.php\/wp-json\/wp\/v2\/posts\/15844\/revisions"}],"predecessor-version":[{"id":15850,"href":"https:\/\/diariorepublica.com.ar\/web\/index.php\/wp-json\/wp\/v2\/posts\/15844\/revisions\/15850"}],"wp:featuredmedia":[{"embeddable":true,"href":"https:\/\/diariorepublica.com.ar\/web\/index.php\/wp-json\/wp\/v2\/media\/15849"}],"wp:attachment":[{"href":"https:\/\/diariorepublica.com.ar\/web\/index.php\/wp-json\/wp\/v2\/media?parent=15844"}],"wp:term":[{"taxonomy":"category","embeddable":true,"href":"https:\/\/diariorepublica.com.ar\/web\/index.php\/wp-json\/wp\/v2\/categories?post=15844"},{"taxonomy":"post_tag","embeddable":true,"href":"https:\/\/diariorepublica.com.ar\/web\/index.php\/wp-json\/wp\/v2\/tags?post=15844"}],"curies":[{"name":"wp","href":"https:\/\/api.w.org\/{rel}","templated":true}]}}