{"id":15963,"date":"2024-06-18T09:55:00","date_gmt":"2024-06-18T12:55:00","guid":{"rendered":"https:\/\/diariorepublica.com.ar\/web\/?p=15963"},"modified":"2024-06-18T07:57:04","modified_gmt":"2024-06-18T10:57:04","slug":"inflacion-afirman-que-el-dato-de-junio-quebrara-la-tendencia-a-la-baja","status":"publish","type":"post","link":"https:\/\/diariorepublica.com.ar\/web\/index.php\/economia\/2024\/06\/18\/inflacion-afirman-que-el-dato-de-junio-quebrara-la-tendencia-a-la-baja\/","title":{"rendered":"Inflaci\u00f3n: afirman que el dato de junio quebrar\u00e1 la tendencia a la baja"},"content":{"rendered":"<article id=\"article-post\" class=\"first\">\n<div class=\"cuerpo\" data-twitter-link=\"https:\/\/twitter.com\/intent\/tweet?url=https:\/\/www.diariopopular.com.ar\/c791920&amp;via=poopulardiario&amp;related=Popular&amp;text=\">\n<p>Los aumentos de tarifas y la suba de alimentos y bebidas\u00a0<strong>quebrar\u00e1n en junio la tendencia a la baja del dato inflacionario<\/strong>, seg\u00fan los informes de consultoras privadas que proyectan una\u00a0<strong>cifra de entre el 5 y el 6%<\/strong>. En mayo pasado, el \u00cdndice de Precios al Consumidor (IPC) fue del 4,2% y\u00a0<strong>acumul\u00f3 una variaci\u00f3n interanual del 276,4%<\/strong>.<\/p>\n<\/div>\n<\/article>\n<article id=\"article-post\">\n<div class=\"cuerpo\" data-twitter-link=\"https:\/\/twitter.com\/intent\/tweet?url=https:\/\/www.diariopopular.com.ar\/c791920&amp;via=poopulardiario&amp;related=Popular&amp;text=\">\n<p>El Gobierno avanz\u00f3 en la correcci\u00f3n de precios, que en noviembre ten\u00edan un atraso de 42% en t\u00e9rminos reales. En mayo hubo una pausa para priorizar la baja de la inflaci\u00f3n, a costa de mayor presi\u00f3n futura, seg\u00fan expertos. Este mes, el ministro de Econom\u00eda,\u00a0<strong>Luis Caputo<\/strong>,\u00a0<strong>decidi\u00f3 retomar los aumentos en tarifas de luz y de gas<\/strong>, a partir de una quita de subsidios enfocada en sectores de ingresos medios y bajos.<\/p>\n<p>Las consultoras estiman que el impacto en el IPC ser\u00e1 de entre\u00a0<strong>1 y 2 puntos porcentuales<\/strong>. A eso se sumar\u00e1 un\u00a0<strong>incremento en los combustibles del 4% promedio<\/strong>\u00a0y el aumento del subte.<\/p>\n<p>Para la Fundaci\u00f3n Capital,\u00a0<strong>el sendero de desinflaci\u00f3n podr\u00eda encontrar un freno<\/strong>\u00a0en los pr\u00f3ximos meses.<\/p>\n<p>Por otra parte, las estimaciones privadas observan<strong>\u00a0una aceleraci\u00f3n de los precios de los alimentos<\/strong>. LCG detect\u00f3 un alza del 1,5% en la segunda semana del mes. Y EcoGo registr\u00f3 un incremento del 0,5% en la primera semana, una leve suba respecto a la semana anterior.<\/p>\n<p>El reporte de LCG arroja que\u00a0<strong>las verduras, el az\u00facar \u2013junto con la miel, los dulces y el cacao\u2013 y las bebidas y las infusiones fueron los productos que m\u00e1s aumentaron en la segunda semana del mes<\/strong>, con un alza de 3,9%, 2,8% y 2,4%, respectivamente. Le siguieron los l\u00e1cteos y los huevos, con 2,3%; y los panificados, los cereales y las pastas, con 1,9%.<\/p>\n<p>Para la Fundaci\u00f3n FIEL, los precios subieron 3,8% en la primera semana de junio. De esa suba,\u00a0<strong>1,2 puntos corresponden a los incrementos en las facturas de electricidad y gas<\/strong>, lo que, seg\u00fan la entidad, rompe con la tendencia de descenso. A ello se suma la suba del Impuesto a las Transferencias de los Combustibles, y su traslado al precio de la nafta.<\/p>\n<p>Seg\u00fan el \u00faltimo Relevamiento de Expectativas de Mercado (REM) del Banco Central,\u00a0<strong>la inflaci\u00f3n de junio subir\u00e1 al 5,5%<\/strong>, una leve diferencia que marca el freno a la baja y un leve repunte de los precios.<\/p>\n<p>En el \u00faltimo a\u00f1o,\u00a0<strong>los precios de los alimentos subieron 290%<\/strong>. El cambio m\u00e1s relevante en materia de consumo fue que muchos hogares debieron resignar el consumo de carnes y pescados, porque sus precios se convirtieron en prohibitivos.<\/p>\n<p><strong>Esto deprimi\u00f3 el consumo de carne, que cay\u00f3 18% en el primer cuatrimestre<\/strong>, seg\u00fan la C\u00e1mara de Industrias y el Comercio de Carnes y Derivados de la Rep\u00fablica Argentina (CICCRA).<\/p>\n<p>La aceleraci\u00f3n de los precios de los alimentos en los \u00faltimos d\u00edas coincidi\u00f3 con la suba de las cotizaciones de los d\u00f3lares alternativos. Por eso, encienden una luz de alerta por el impacto que puedan tener en el \u00edndice de precios de junio.<\/p>\n<\/div>\n<\/article>\n","protected":false},"excerpt":{"rendered":"<p>Los aumentos de tarifas y la suba de alimentos y bebidas\u00a0quebrar\u00e1n en junio la tendencia a la baja del dato<\/p>\n","protected":false},"author":1,"featured_media":15964,"comment_status":"closed","ping_status":"closed","sticky":false,"template":"","format":"standard","meta":{"footnotes":"","jetpack_publicize_message":"","jetpack_publicize_feature_enabled":true,"jetpack_social_post_already_shared":true,"jetpack_social_options":{"image_generator_settings":{"template":"highway","enabled":false},"version":2}},"categories":[5],"tags":[],"class_list":["post-15963","post","type-post","status-publish","format-standard","has-post-thumbnail","hentry","category-economia"],"jetpack_publicize_connections":[],"_links":{"self":[{"href":"https:\/\/diariorepublica.com.ar\/web\/index.php\/wp-json\/wp\/v2\/posts\/15963"}],"collection":[{"href":"https:\/\/diariorepublica.com.ar\/web\/index.php\/wp-json\/wp\/v2\/posts"}],"about":[{"href":"https:\/\/diariorepublica.com.ar\/web\/index.php\/wp-json\/wp\/v2\/types\/post"}],"author":[{"embeddable":true,"href":"https:\/\/diariorepublica.com.ar\/web\/index.php\/wp-json\/wp\/v2\/users\/1"}],"replies":[{"embeddable":true,"href":"https:\/\/diariorepublica.com.ar\/web\/index.php\/wp-json\/wp\/v2\/comments?post=15963"}],"version-history":[{"count":1,"href":"https:\/\/diariorepublica.com.ar\/web\/index.php\/wp-json\/wp\/v2\/posts\/15963\/revisions"}],"predecessor-version":[{"id":15965,"href":"https:\/\/diariorepublica.com.ar\/web\/index.php\/wp-json\/wp\/v2\/posts\/15963\/revisions\/15965"}],"wp:featuredmedia":[{"embeddable":true,"href":"https:\/\/diariorepublica.com.ar\/web\/index.php\/wp-json\/wp\/v2\/media\/15964"}],"wp:attachment":[{"href":"https:\/\/diariorepublica.com.ar\/web\/index.php\/wp-json\/wp\/v2\/media?parent=15963"}],"wp:term":[{"taxonomy":"category","embeddable":true,"href":"https:\/\/diariorepublica.com.ar\/web\/index.php\/wp-json\/wp\/v2\/categories?post=15963"},{"taxonomy":"post_tag","embeddable":true,"href":"https:\/\/diariorepublica.com.ar\/web\/index.php\/wp-json\/wp\/v2\/tags?post=15963"}],"curies":[{"name":"wp","href":"https:\/\/api.w.org\/{rel}","templated":true}]}}