{"id":15972,"date":"2024-06-18T08:08:22","date_gmt":"2024-06-18T11:08:22","guid":{"rendered":"https:\/\/diariorepublica.com.ar\/web\/?p=15972"},"modified":"2024-06-18T08:08:24","modified_gmt":"2024-06-18T11:08:24","slug":"los-convocados-de-boca-con-cavani-la-novedad-de-medel-y-una-ausencia-en-el-mediocampo","status":"publish","type":"post","link":"https:\/\/diariorepublica.com.ar\/web\/index.php\/deportes\/2024\/06\/18\/los-convocados-de-boca-con-cavani-la-novedad-de-medel-y-una-ausencia-en-el-mediocampo\/","title":{"rendered":"Los convocados de Boca, con Cavani, la novedad de Medel y una ausencia en el mediocampo"},"content":{"rendered":"<p>Si bien el foco de muchos est\u00e1 puesto en lo que ser\u00e1 el inicio de la Copa Am\u00e9rica 2024 el pr\u00f3ximo jueves, para Boca la atenci\u00f3n est\u00e1 depositada en lo que ser\u00e1 el duelo ante Almirante Brown, el pr\u00f3ximo mi\u00e9rcoles, por la Copa Argentina. Para ese compromiso -el \u00faltimo antes del receso por el torneo continental de selecciones para el Xeneize-, el entrenador, Diego Mart\u00ednez, present\u00f3 la lista de convocados con la presencia de Edinson Cavani, la novedad de Gary Medel y la baja por lesi\u00f3n de Jabes Saralegui.<\/p>\n<p>El delantero uruguayo\u00a0<b>hab\u00eda encendido las alarmas despu\u00e9s del partido ante V\u00e9lez al entrenar de manera diferenciada<\/b>, pero finalmente parece haberse recuperado de las molestias que lo aquejaban y seguramente ser\u00e1 titular en el \u00faltimo partido del semestre para el conjunto de la Ribera. En tanto, el chileno Gary Medel aparece por primera vez entre los convocados luego de haberse convertido en el primer refuerzo del mercado de pases para el equipo de Mart\u00ednez. Ahora,\u00a0restar\u00e1 ver si es empleado como volante central -lugar en el que se par\u00f3 en los \u00faltimos entrenamientos- o como defensor central.<\/p>\n<p>La mala noticia, por otro lado, fue la de la confirmaci\u00f3n del desgarro de aductor para Jabes Saralegui, quien as\u00ed ser\u00e1 baja para el encuentro ante la Fragata. El joven mediocampista hab\u00eda trabajado con los titulares en las \u00faltimas pr\u00e1cticas, pero este lunes no pudo terminar la pr\u00e1ctica y, finalmente, se confirm\u00f3 que sufri\u00f3 la lesi\u00f3n muscular.<\/p>\n<p>En su lugar, aparece el nombre de otro joven mediocampista, que se destaca en la Reserva y viene pidiendo pista hace un tiempo: Santiago Dalmasso. El mediocampista ofensivo es categor\u00eda 2004 y a mediados de mayo firm\u00f3 su primer contrato profesional, hasta diciembre de 2028. Con buen manejo y mucha presencia para pisar el \u00e1rea, Dalmasso se caracteriza por el ida y vuelta. En Reserva debut\u00f3 en 2022 pero reci\u00e9n este a\u00f1o se afianz\u00f3 como titular luego de que fueran promovidos Mauricio Ben\u00edtez y Milton Delgado. En la categor\u00eda ya lleva m\u00e1s de 30 partidos y adem\u00e1s integra la lista de buena fe del Xeneize en la Copa Sudamericana.<\/p>\n<p>tycsports.com<\/p>\n","protected":false},"excerpt":{"rendered":"<p>Si bien el foco de muchos est\u00e1 puesto en lo que ser\u00e1 el inicio de la Copa Am\u00e9rica 2024 el<\/p>\n","protected":false},"author":1,"featured_media":15973,"comment_status":"closed","ping_status":"closed","sticky":false,"template":"","format":"standard","meta":{"footnotes":"","jetpack_publicize_message":"","jetpack_publicize_feature_enabled":true,"jetpack_social_post_already_shared":true,"jetpack_social_options":{"image_generator_settings":{"template":"highway","enabled":false},"version":2}},"categories":[9],"tags":[],"class_list":["post-15972","post","type-post","status-publish","format-standard","has-post-thumbnail","hentry","category-deportes"],"jetpack_publicize_connections":[],"_links":{"self":[{"href":"https:\/\/diariorepublica.com.ar\/web\/index.php\/wp-json\/wp\/v2\/posts\/15972"}],"collection":[{"href":"https:\/\/diariorepublica.com.ar\/web\/index.php\/wp-json\/wp\/v2\/posts"}],"about":[{"href":"https:\/\/diariorepublica.com.ar\/web\/index.php\/wp-json\/wp\/v2\/types\/post"}],"author":[{"embeddable":true,"href":"https:\/\/diariorepublica.com.ar\/web\/index.php\/wp-json\/wp\/v2\/users\/1"}],"replies":[{"embeddable":true,"href":"https:\/\/diariorepublica.com.ar\/web\/index.php\/wp-json\/wp\/v2\/comments?post=15972"}],"version-history":[{"count":1,"href":"https:\/\/diariorepublica.com.ar\/web\/index.php\/wp-json\/wp\/v2\/posts\/15972\/revisions"}],"predecessor-version":[{"id":15974,"href":"https:\/\/diariorepublica.com.ar\/web\/index.php\/wp-json\/wp\/v2\/posts\/15972\/revisions\/15974"}],"wp:featuredmedia":[{"embeddable":true,"href":"https:\/\/diariorepublica.com.ar\/web\/index.php\/wp-json\/wp\/v2\/media\/15973"}],"wp:attachment":[{"href":"https:\/\/diariorepublica.com.ar\/web\/index.php\/wp-json\/wp\/v2\/media?parent=15972"}],"wp:term":[{"taxonomy":"category","embeddable":true,"href":"https:\/\/diariorepublica.com.ar\/web\/index.php\/wp-json\/wp\/v2\/categories?post=15972"},{"taxonomy":"post_tag","embeddable":true,"href":"https:\/\/diariorepublica.com.ar\/web\/index.php\/wp-json\/wp\/v2\/tags?post=15972"}],"curies":[{"name":"wp","href":"https:\/\/api.w.org\/{rel}","templated":true}]}}