{"id":16028,"date":"2024-06-24T07:56:49","date_gmt":"2024-06-24T10:56:49","guid":{"rendered":"https:\/\/diariorepublica.com.ar\/web\/?p=16028"},"modified":"2024-06-24T07:56:51","modified_gmt":"2024-06-24T10:56:51","slug":"lionel-messi-de-festejo-37-records-en-37-anos","status":"publish","type":"post","link":"https:\/\/diariorepublica.com.ar\/web\/index.php\/deportes\/2024\/06\/24\/lionel-messi-de-festejo-37-records-en-37-anos\/","title":{"rendered":"Lionel Messi, de festejo: 37 r\u00e9cords en 37 a\u00f1os"},"content":{"rendered":"<p>Lionel Messi, capit\u00e1n de la Selecci\u00f3n Argentina, est\u00e1 de festejo: cumple 37 a\u00f1os, en plena competencia de la Copa Am\u00e9rica con el conjunto nacional, que este martes se enfrentar\u00e1 a Chile en Nueva Jersey en la segunda fecha del Grupo A. A continuaci\u00f3n, un repaso por 37 r\u00e9cords que el astro del f\u00fatbol mundial consigui\u00f3 a lo largo de su carrera profesional.<\/p>\n<h6>Lionel Messi, 37 r\u00e9cords en 37 a\u00f1os<\/h6>\n<ul>\n<li>Jugador con\u00a0<b>m\u00e1s t\u00edtulos oficiales\u00a0<\/b>de la historia (44)<\/li>\n<li>Jugador con<b>\u00a0m\u00e1s Balones de Oro\u00a0<\/b>(8)<\/li>\n<li>Jugador con<b>\u00a0m\u00e1s Botas de Oro<\/b>\u00a0(6)<\/li>\n<li>R\u00e9cord Guiness\u00a0<b>goleador en un a\u00f1o natural\u00a0<\/b>(91 goles en 2012)<\/li>\n<li><b>M\u00e1s partidos jugados con la Albiceleste\u00a0<\/b>y con una selecci\u00f3n sudamericana (183). No se incluye el partido contra Brasil (5\/9\/21), suspendido a los 5 minutos y cancelado por la FIFA<\/li>\n<li>M\u00e1s goles marcados con Argentina y con una selecci\u00f3n sudamericana (108)<\/li>\n<li>M\u00e1ximo\u00a0<b>goleador argentino en Mundiales\u00a0<\/b>(13)<\/li>\n<li>Primer<b>\u00a0argentino que marca en cuatro Mundiales distintos\u00a0<\/b>(2006, 2014, 2018 y 2022)<\/li>\n<li>Jugador\u00a0<b>de Argentina m\u00e1s joven en marcar en un Mundial<\/b>: 18 a\u00f1os y 357 d\u00edas<\/li>\n<li><b>M\u00e1ximo goleador hist\u00f3rico de las Eliminatorias<\/b>\u00a0sudamericanas (31)<\/li>\n<li><b>Jugador que ha disputado m\u00e1s Mundiales\u00a0<\/b>(5, marca que comparte con el italiano GIanluigi Buffon, el alem\u00e1n Lothar Matthaeus, el portugu\u00e9s Cristiano Ronaldo y los mexicanos Antonio Carbajal, Rafa M\u00e1rquez, Andr\u00e9s Guardado y Guillermo Ochoa)<\/li>\n<li>Jugador<b>\u00a0con m\u00e1s partidos mundialistas<\/b>\u00a0(26)<\/li>\n<li>Jugador<b>\u00a0con m\u00e1s minutos en Mundiales<\/b>\u00a0(2314 en total)<\/li>\n<li>Jugador<b>\u00a0m\u00e1s veces capit\u00e1n en un Mundial\u00a0<\/b>(19)<\/li>\n<li>Jugador<b>\u00a0con m\u00e1s goles+asistencias en Mundiales\u00a0<\/b>(13+8)<\/li>\n<li><b>\u00danico jugador con dos Balones de Oro mundialistas<\/b>\u00a0(2014 y 2022)<\/li>\n<li>M\u00e1s veces\u00a0<b>Mejor Jugador de un partido mundialista<\/b>\u00a0(14)<\/li>\n<li>\u00danico jugador<b>\u00a0que ha marcado en fase de grupos, octavos, cuartos, semifinal y final\u00a0<\/b>de una misma edici\u00f3n del Mundial<\/li>\n<li>\u00danico jugador que<b>\u00a0ha marcado como Sub-20, veintea\u00f1ero y treinta\u00f1ero en Mundiales<\/b><\/li>\n<li>Mayor<b>\u00a0intervalo de tiempo entre su primer gol en un Mundial y el \u00faltimo<\/b>\u00a0(16 a\u00f1os, 6 meses y 2 d\u00edas)<\/li>\n<li>Jugador<b>\u00a0que en m\u00e1s ocasiones marc\u00f3 el primer gol en un partido mundialista<\/b>\u00a0(8)<\/li>\n<li>Capit\u00e1n<b>\u00a0que m\u00e1s goles marc\u00f3 en una final\u00a0<\/b>(2)<\/li>\n<li>Jugador\u00a0<b>con m\u00e1s partidos en Copa Am\u00e9rica<\/b>\u00a0(35)<\/li>\n<li>Jugador que\u00a0<b>ha dado m\u00e1s asistencias en Copa Am\u00e9rica\u00a0<\/b>(17)<\/li>\n<li>Extranjero\u00a0<b>con m\u00e1s t\u00edtulos de la Liga espa\u00f1ola\u00a0<\/b>(10)<\/li>\n<li>M\u00e1ximo goleador<b>\u00a0hist\u00f3rico con un mismo equipo\u00a0<\/b>(672 con el Barcelona)<\/li>\n<li><b>M\u00e1ximo goleador hist\u00f3rico de la Liga<\/b>\u00a0(474).<\/li>\n<li>M\u00e1ximo\u00a0<b>goleador del Cl\u00e1sico en Espa\u00f1a<\/b>\u00a0(26 goles)<\/li>\n<li>Mayor n<b>\u00famero de goles marcados en una sola temporada de La Liga<\/b>: 50 (2011-12)<\/li>\n<li>Mayor\u00a0<b>n\u00famero de asistencias en una sola temporada de La Liga<\/b>: 21 (2019\/20).<\/li>\n<li>M\u00e1ximo<b>\u00a0asistente de la Liga desde que se computa\u00a0<\/b>(193).<\/li>\n<li>Mayor\u00a0<b>n\u00famero de hat-tricks en La Liga<\/b>\u00a0(36)<\/li>\n<li>Mayo<b>r n\u00famero partidos consecutivos marcando en La Liga<\/b>\u00a0( 21, en 2012\/13).<\/li>\n<li>Mayor\u00a0<b>n\u00famero de Trofeos Pichichi al m\u00e1ximo goleador<\/b>\u00a0(8)<\/li>\n<li>M\u00e1ximo<b>\u00a0goleador hist\u00f3rico de Champions League con un mismo club<\/b>\u00a0(120 con el Barcelona)<\/li>\n<li>Jugador\u00a0<b>que ha marcado a m\u00e1s clubes en Champions\u00a0<\/b>(40)<\/li>\n<li>Jugador\u00a0<b>que necesit\u00f3 menos partidos para marcar 100 goles en Champions<\/b>\u00a0(123 partidos)<\/li>\n<\/ul>\n<p>tycsports.com<\/p>\n","protected":false},"excerpt":{"rendered":"<p>Lionel Messi, capit\u00e1n de la Selecci\u00f3n Argentina, est\u00e1 de festejo: cumple 37 a\u00f1os, en plena competencia de la Copa Am\u00e9rica<\/p>\n","protected":false},"author":1,"featured_media":16029,"comment_status":"closed","ping_status":"closed","sticky":false,"template":"","format":"standard","meta":{"footnotes":"","jetpack_publicize_message":"","jetpack_publicize_feature_enabled":true,"jetpack_social_post_already_shared":true,"jetpack_social_options":{"image_generator_settings":{"template":"highway","enabled":false},"version":2}},"categories":[9],"tags":[],"class_list":["post-16028","post","type-post","status-publish","format-standard","has-post-thumbnail","hentry","category-deportes"],"jetpack_publicize_connections":[],"_links":{"self":[{"href":"https:\/\/diariorepublica.com.ar\/web\/index.php\/wp-json\/wp\/v2\/posts\/16028"}],"collection":[{"href":"https:\/\/diariorepublica.com.ar\/web\/index.php\/wp-json\/wp\/v2\/posts"}],"about":[{"href":"https:\/\/diariorepublica.com.ar\/web\/index.php\/wp-json\/wp\/v2\/types\/post"}],"author":[{"embeddable":true,"href":"https:\/\/diariorepublica.com.ar\/web\/index.php\/wp-json\/wp\/v2\/users\/1"}],"replies":[{"embeddable":true,"href":"https:\/\/diariorepublica.com.ar\/web\/index.php\/wp-json\/wp\/v2\/comments?post=16028"}],"version-history":[{"count":1,"href":"https:\/\/diariorepublica.com.ar\/web\/index.php\/wp-json\/wp\/v2\/posts\/16028\/revisions"}],"predecessor-version":[{"id":16030,"href":"https:\/\/diariorepublica.com.ar\/web\/index.php\/wp-json\/wp\/v2\/posts\/16028\/revisions\/16030"}],"wp:featuredmedia":[{"embeddable":true,"href":"https:\/\/diariorepublica.com.ar\/web\/index.php\/wp-json\/wp\/v2\/media\/16029"}],"wp:attachment":[{"href":"https:\/\/diariorepublica.com.ar\/web\/index.php\/wp-json\/wp\/v2\/media?parent=16028"}],"wp:term":[{"taxonomy":"category","embeddable":true,"href":"https:\/\/diariorepublica.com.ar\/web\/index.php\/wp-json\/wp\/v2\/categories?post=16028"},{"taxonomy":"post_tag","embeddable":true,"href":"https:\/\/diariorepublica.com.ar\/web\/index.php\/wp-json\/wp\/v2\/tags?post=16028"}],"curies":[{"name":"wp","href":"https:\/\/api.w.org\/{rel}","templated":true}]}}