{"id":16125,"date":"2024-06-25T10:48:16","date_gmt":"2024-06-25T13:48:16","guid":{"rendered":"https:\/\/diariorepublica.com.ar\/web\/?p=16125"},"modified":"2024-06-25T10:48:17","modified_gmt":"2024-06-25T13:48:17","slug":"acreditacion-del-aguinaldo-para-docentes-y-administracion-publica","status":"publish","type":"post","link":"https:\/\/diariorepublica.com.ar\/web\/index.php\/economia\/2024\/06\/25\/acreditacion-del-aguinaldo-para-docentes-y-administracion-publica\/","title":{"rendered":"Acreditaci\u00f3n del aguinaldo para docentes y Administraci\u00f3n P\u00fablica"},"content":{"rendered":"<p>El Gobierno de la Provincia informa que el medio aguinaldo del Sueldo Anual Complementario (SAC) comenz\u00f3 a efectivizarse este martes 25 de junio con el pago a los docentes.<\/p>\n<p>Asimismo, este mi\u00e9rcoles 26 de junio se acreditar\u00e1 el pago a los trabajadores de los distintos organismos de la Administraci\u00f3n P\u00fablica Provincial.<\/p>\n","protected":false},"excerpt":{"rendered":"<p>El Gobierno de la Provincia informa que el medio aguinaldo del Sueldo Anual Complementario (SAC) comenz\u00f3 a efectivizarse este martes<\/p>\n","protected":false},"author":1,"featured_media":16126,"comment_status":"closed","ping_status":"closed","sticky":false,"template":"","format":"standard","meta":{"footnotes":"","jetpack_publicize_message":"","jetpack_publicize_feature_enabled":true,"jetpack_social_post_already_shared":true,"jetpack_social_options":{"image_generator_settings":{"template":"highway","enabled":false},"version":2}},"categories":[5],"tags":[],"class_list":["post-16125","post","type-post","status-publish","format-standard","has-post-thumbnail","hentry","category-economia"],"jetpack_publicize_connections":[],"_links":{"self":[{"href":"https:\/\/diariorepublica.com.ar\/web\/index.php\/wp-json\/wp\/v2\/posts\/16125"}],"collection":[{"href":"https:\/\/diariorepublica.com.ar\/web\/index.php\/wp-json\/wp\/v2\/posts"}],"about":[{"href":"https:\/\/diariorepublica.com.ar\/web\/index.php\/wp-json\/wp\/v2\/types\/post"}],"author":[{"embeddable":true,"href":"https:\/\/diariorepublica.com.ar\/web\/index.php\/wp-json\/wp\/v2\/users\/1"}],"replies":[{"embeddable":true,"href":"https:\/\/diariorepublica.com.ar\/web\/index.php\/wp-json\/wp\/v2\/comments?post=16125"}],"version-history":[{"count":1,"href":"https:\/\/diariorepublica.com.ar\/web\/index.php\/wp-json\/wp\/v2\/posts\/16125\/revisions"}],"predecessor-version":[{"id":16127,"href":"https:\/\/diariorepublica.com.ar\/web\/index.php\/wp-json\/wp\/v2\/posts\/16125\/revisions\/16127"}],"wp:featuredmedia":[{"embeddable":true,"href":"https:\/\/diariorepublica.com.ar\/web\/index.php\/wp-json\/wp\/v2\/media\/16126"}],"wp:attachment":[{"href":"https:\/\/diariorepublica.com.ar\/web\/index.php\/wp-json\/wp\/v2\/media?parent=16125"}],"wp:term":[{"taxonomy":"category","embeddable":true,"href":"https:\/\/diariorepublica.com.ar\/web\/index.php\/wp-json\/wp\/v2\/categories?post=16125"},{"taxonomy":"post_tag","embeddable":true,"href":"https:\/\/diariorepublica.com.ar\/web\/index.php\/wp-json\/wp\/v2\/tags?post=16125"}],"curies":[{"name":"wp","href":"https:\/\/api.w.org\/{rel}","templated":true}]}}