{"id":16174,"date":"2024-06-26T12:11:46","date_gmt":"2024-06-26T15:11:46","guid":{"rendered":"https:\/\/diariorepublica.com.ar\/web\/?p=16174"},"modified":"2024-06-26T12:11:47","modified_gmt":"2024-06-26T15:11:47","slug":"jalil-firmo-un-nuevo-convenio-con-el-banco-nacion","status":"publish","type":"post","link":"https:\/\/diariorepublica.com.ar\/web\/index.php\/politica\/2024\/06\/26\/jalil-firmo-un-nuevo-convenio-con-el-banco-nacion\/","title":{"rendered":"Jalil firm\u00f3 un nuevo convenio con el Banco Naci\u00f3n"},"content":{"rendered":"<p>El gobernador Ra\u00fal Jalil junto con la ministra de Econom\u00eda Alejandra Nazareno y el presidente del Banco Naci\u00f3n Argentina Daniel Tillard anunciaron que al programa One Shot de D\u00edas de Ensue\u00f1o se incorporar\u00e1n 100 mil usuarios de tarjetas de d\u00e9bito de la entidad. Jalil asegur\u00f3 que con esta medida la mitad de la poblaci\u00f3n de Catamarca queda dentro del beneficio \u201cque ayuda al salario real\u201d.<\/p>\n<p>Adem\u00e1s, la ministra Nazareno adelant\u00f3 que en julio planificar\u00e1n la renovaci\u00f3n del plan D\u00edas de Ensue\u00f1o y One Shot con nuevos montos. \u201cEs algo que la gente nos est\u00e1 pidiendo\u201d.<\/p>\n<p>Por otra parte, se comunic\u00f3 que el Banco Naci\u00f3n ser\u00e1 el sponsor principal de la Fiesta del Poncho.<\/p>\n","protected":false},"excerpt":{"rendered":"<p>El gobernador Ra\u00fal Jalil junto con la ministra de Econom\u00eda Alejandra Nazareno y el presidente del Banco Naci\u00f3n Argentina Daniel<\/p>\n","protected":false},"author":2,"featured_media":16178,"comment_status":"closed","ping_status":"closed","sticky":false,"template":"","format":"standard","meta":{"footnotes":"","jetpack_publicize_message":"","jetpack_publicize_feature_enabled":true,"jetpack_social_post_already_shared":true,"jetpack_social_options":{"image_generator_settings":{"template":"highway","enabled":false},"version":2}},"categories":[12],"tags":[],"class_list":["post-16174","post","type-post","status-publish","format-standard","has-post-thumbnail","hentry","category-politica"],"jetpack_publicize_connections":[],"_links":{"self":[{"href":"https:\/\/diariorepublica.com.ar\/web\/index.php\/wp-json\/wp\/v2\/posts\/16174"}],"collection":[{"href":"https:\/\/diariorepublica.com.ar\/web\/index.php\/wp-json\/wp\/v2\/posts"}],"about":[{"href":"https:\/\/diariorepublica.com.ar\/web\/index.php\/wp-json\/wp\/v2\/types\/post"}],"author":[{"embeddable":true,"href":"https:\/\/diariorepublica.com.ar\/web\/index.php\/wp-json\/wp\/v2\/users\/2"}],"replies":[{"embeddable":true,"href":"https:\/\/diariorepublica.com.ar\/web\/index.php\/wp-json\/wp\/v2\/comments?post=16174"}],"version-history":[{"count":1,"href":"https:\/\/diariorepublica.com.ar\/web\/index.php\/wp-json\/wp\/v2\/posts\/16174\/revisions"}],"predecessor-version":[{"id":16179,"href":"https:\/\/diariorepublica.com.ar\/web\/index.php\/wp-json\/wp\/v2\/posts\/16174\/revisions\/16179"}],"wp:featuredmedia":[{"embeddable":true,"href":"https:\/\/diariorepublica.com.ar\/web\/index.php\/wp-json\/wp\/v2\/media\/16178"}],"wp:attachment":[{"href":"https:\/\/diariorepublica.com.ar\/web\/index.php\/wp-json\/wp\/v2\/media?parent=16174"}],"wp:term":[{"taxonomy":"category","embeddable":true,"href":"https:\/\/diariorepublica.com.ar\/web\/index.php\/wp-json\/wp\/v2\/categories?post=16174"},{"taxonomy":"post_tag","embeddable":true,"href":"https:\/\/diariorepublica.com.ar\/web\/index.php\/wp-json\/wp\/v2\/tags?post=16174"}],"curies":[{"name":"wp","href":"https:\/\/api.w.org\/{rel}","templated":true}]}}