{"id":16209,"date":"2024-06-27T08:11:36","date_gmt":"2024-06-27T11:11:36","guid":{"rendered":"https:\/\/diariorepublica.com.ar\/web\/?p=16209"},"modified":"2024-06-27T08:11:38","modified_gmt":"2024-06-27T11:11:38","slug":"el-gobierno-tiene-asegurada-la-sancion-de-la-ley-bases-y-los-votos-justos-para-restituir-ganancias","status":"publish","type":"post","link":"https:\/\/diariorepublica.com.ar\/web\/index.php\/nacionales\/2024\/06\/27\/el-gobierno-tiene-asegurada-la-sancion-de-la-ley-bases-y-los-votos-justos-para-restituir-ganancias\/","title":{"rendered":"El Gobierno tiene asegurada la sanci\u00f3n de la Ley Bases y los votos justos para restituir Ganancias"},"content":{"rendered":"<p>Despu\u00e9s de seis meses de trabajosas negociaciones, el presidente Javier Milei se alzar\u00e1 este jueves con su primer trofeo legislativo. Gracias al apoyo del grueso de los bloques opositores dialoguistas, el oficialismo tiene los votos garantizados para sancionar de manera definitiva el proyecto de Ley Bases y el paquete fiscal en la C\u00e1mara de Diputados, aunque llegar\u00e1 con las voluntades justas para restituir el impuesto a las Ganancias, uno de los cap\u00edtulos que el Senado rechaz\u00f3 hace dos semanas.<\/p>\n<p>A buena parte de los opositores dialoguistas no le resulta sencillo votar una vez m\u00e1s a favor de reponer este tributo el cual, de aprobarse, alcanzar\u00e1 a casi un mill\u00f3n de trabajadores asalariados. Ser\u00e1, sin duda, una de las votaciones m\u00e1s ajustadas de la sesi\u00f3n que se desarrollar\u00e1 a partir del mediod\u00eda; hasta \u00faltima hora de ayer los jefes de bancada, junto a Mart\u00edn Menem, presidente de la C\u00e1mara de Diputados, puntearon los votos. Se necesita una mayor\u00eda simple (mitad m\u00e1s uno de los presentes) para aprobarlo.<\/p>\n<p>\u201cEstamos bien\u201d, asever\u00f3 un importante referente de la bancada de Pro. En el oficialismo conf\u00edan en que algunos de los dudosos -incluso del bloque kirchnerista- facilitar\u00e1n la aprobaci\u00f3n, ya sea con su voto positivo o con la abstenci\u00f3n. Si la brecha con los detractores del impuesto es demasiado estrecha no faltar\u00e1 quien se ausente discretamente del recinto para mantener la diferencia a favor, deslizan.<\/p>\n<p>Detr\u00e1s de la restituci\u00f3n del impuesto a las Ganancias a la cuarta categor\u00eda est\u00e1 el inter\u00e9s no solo los mandatarios provinciales sino tambi\u00e9n del propio gobierno nacional, pese a que Milei se resista a admitirlo. El tributo, de aprobarse, impactar\u00e1 en los sueldos a partir de $1,8 millones (solteros) y de $2,2 millones (casados con dos hijos): esto redundar\u00e1 en una suba de la recaudaci\u00f3n que orillar\u00e1, seg\u00fan estim\u00f3 la OPC, en 0.43 del PBI.<\/p>\n<p>Otro de los cap\u00edtulos que la C\u00e1mara de Diputados buscar\u00e1 rescatar de la media sanci\u00f3n original, tras su rechazo por el Senado, es la reducci\u00f3n del impuesto a los Bienes Personales, tambi\u00e9n incluido en el paquete fiscal. La propuesta, que establece una suba del m\u00ednimo no imponible de 27 millones a 100 millones y rebajas en las al\u00edcuotas, tiene un prop\u00f3sito claro: incentivar el blanqueo de capitales, tambi\u00e9n contenido en el paquete fiscal.<\/p>\n<p>El bloque de Uni\u00f3n por la Patria, que conduce Germ\u00e1n Mart\u00ednez, rechazar\u00e1 por inconstitucional la restituci\u00f3n de ambos cap\u00edtulos, Ganancias y Bienes Personales. Sostienen que la ca\u00edda in totum de esos dos textos, que ten\u00edan un total de 36 art\u00edculos, se asemeja al rechazo de un proyecto, por lo que Diputados no podr\u00eda insistir en su reposici\u00f3n. \u201cEl proyecto terminar\u00e1 en la Justicia\u201d, advierten.<\/p>\n<p>Este ser\u00e1 el momento de mayor discusi\u00f3n de todo el debate de hoy. Los libertarios y los bloques dialoguistas rebatir\u00e1n los argumentos kirchneristas con profusos antecedentes parlamentarios que dan cuenta de que el rechazo a un art\u00edculo por parte de la c\u00e1mara revisora se asemeja a una \u201cmodificaci\u00f3n\u201d a la media sanci\u00f3n original, por lo que la c\u00e1mara de origen podr\u00e1 insistir en su versi\u00f3n.<\/p>\n<p>lanacion.com.ar<\/p>\n","protected":false},"excerpt":{"rendered":"<p>Despu\u00e9s de seis meses de trabajosas negociaciones, el presidente Javier Milei se alzar\u00e1 este jueves con su primer trofeo legislativo.<\/p>\n","protected":false},"author":1,"featured_media":0,"comment_status":"closed","ping_status":"closed","sticky":false,"template":"","format":"standard","meta":{"footnotes":"","jetpack_publicize_message":"","jetpack_publicize_feature_enabled":true,"jetpack_social_post_already_shared":true,"jetpack_social_options":{"image_generator_settings":{"template":"highway","enabled":false},"version":2}},"categories":[4],"tags":[],"class_list":["post-16209","post","type-post","status-publish","format-standard","hentry","category-nacionales"],"jetpack_publicize_connections":[],"_links":{"self":[{"href":"https:\/\/diariorepublica.com.ar\/web\/index.php\/wp-json\/wp\/v2\/posts\/16209"}],"collection":[{"href":"https:\/\/diariorepublica.com.ar\/web\/index.php\/wp-json\/wp\/v2\/posts"}],"about":[{"href":"https:\/\/diariorepublica.com.ar\/web\/index.php\/wp-json\/wp\/v2\/types\/post"}],"author":[{"embeddable":true,"href":"https:\/\/diariorepublica.com.ar\/web\/index.php\/wp-json\/wp\/v2\/users\/1"}],"replies":[{"embeddable":true,"href":"https:\/\/diariorepublica.com.ar\/web\/index.php\/wp-json\/wp\/v2\/comments?post=16209"}],"version-history":[{"count":1,"href":"https:\/\/diariorepublica.com.ar\/web\/index.php\/wp-json\/wp\/v2\/posts\/16209\/revisions"}],"predecessor-version":[{"id":16210,"href":"https:\/\/diariorepublica.com.ar\/web\/index.php\/wp-json\/wp\/v2\/posts\/16209\/revisions\/16210"}],"wp:attachment":[{"href":"https:\/\/diariorepublica.com.ar\/web\/index.php\/wp-json\/wp\/v2\/media?parent=16209"}],"wp:term":[{"taxonomy":"category","embeddable":true,"href":"https:\/\/diariorepublica.com.ar\/web\/index.php\/wp-json\/wp\/v2\/categories?post=16209"},{"taxonomy":"post_tag","embeddable":true,"href":"https:\/\/diariorepublica.com.ar\/web\/index.php\/wp-json\/wp\/v2\/tags?post=16209"}],"curies":[{"name":"wp","href":"https:\/\/api.w.org\/{rel}","templated":true}]}}