{"id":16223,"date":"2024-06-28T07:30:33","date_gmt":"2024-06-28T10:30:33","guid":{"rendered":"https:\/\/diariorepublica.com.ar\/web\/?p=16223"},"modified":"2024-06-28T07:30:35","modified_gmt":"2024-06-28T10:30:35","slug":"radicales-se-reunen-en-ancasti-debatiendo-el-rumbo-a-seguir","status":"publish","type":"post","link":"https:\/\/diariorepublica.com.ar\/web\/index.php\/politica\/2024\/06\/28\/radicales-se-reunen-en-ancasti-debatiendo-el-rumbo-a-seguir\/","title":{"rendered":"Radicales se re\u00fanen en Ancasti debatiendo el rumbo a seguir"},"content":{"rendered":"<p>Los radicales del Este de la provincia organizaron un encuentro para este s\u00e1bado a las 10, que ser\u00e1 el puntapi\u00e9 inicial para retomar el debate por el rumbo que deber\u00eda tomar el partido opositor frente a tanta dispersi\u00f3n. El encuentro viene motorizado por el intendente de Ancasti, Rodolfo Santill\u00e1n, \u00fanico municipio opositor en pie en el este catamarque\u00f1o.<\/p>\n<p>El plenario pondr\u00e1 en debate cu\u00e1l es el rumbo que deber\u00eda tomar el partido ya que hay sectores que hoy son m\u00e1s cercanos a los libertarios; otros que creen que hay que comenzar a gestar otro tipo de alianza como la que propone el intendente de la Capital, Gustavo Saadi, que la denomin\u00f3 como el \u00abPacto a la catamarque\u00f1a\u00bb; otro sector que sostienen que la UCR debe conservar sus principios y caminar sola, entre otras posturas en danza. Tambi\u00e9n est\u00e1n los que extra\u00f1an la alianza que alguna vez fue Juntos por el Cambio, con la UCR, el PRO y la Coalici\u00f3n C\u00edvica.<\/p>\n<p>Otro de los puntos que aspira a resolver la UCR es la gran cantidad de l\u00edneas que conforman el partido. Son m\u00e1s de 14 sectores y hay quienes consideran que esa atomizaci\u00f3n fue perjudicial.<\/p>\n","protected":false},"excerpt":{"rendered":"<p>Los radicales del Este de la provincia organizaron un encuentro para este s\u00e1bado a las 10, que ser\u00e1 el puntapi\u00e9<\/p>\n","protected":false},"author":2,"featured_media":16230,"comment_status":"closed","ping_status":"closed","sticky":false,"template":"","format":"standard","meta":{"footnotes":"","jetpack_publicize_message":"","jetpack_publicize_feature_enabled":true,"jetpack_social_post_already_shared":true,"jetpack_social_options":{"image_generator_settings":{"template":"highway","enabled":false},"version":2}},"categories":[12],"tags":[],"class_list":["post-16223","post","type-post","status-publish","format-standard","has-post-thumbnail","hentry","category-politica"],"jetpack_publicize_connections":[],"_links":{"self":[{"href":"https:\/\/diariorepublica.com.ar\/web\/index.php\/wp-json\/wp\/v2\/posts\/16223"}],"collection":[{"href":"https:\/\/diariorepublica.com.ar\/web\/index.php\/wp-json\/wp\/v2\/posts"}],"about":[{"href":"https:\/\/diariorepublica.com.ar\/web\/index.php\/wp-json\/wp\/v2\/types\/post"}],"author":[{"embeddable":true,"href":"https:\/\/diariorepublica.com.ar\/web\/index.php\/wp-json\/wp\/v2\/users\/2"}],"replies":[{"embeddable":true,"href":"https:\/\/diariorepublica.com.ar\/web\/index.php\/wp-json\/wp\/v2\/comments?post=16223"}],"version-history":[{"count":1,"href":"https:\/\/diariorepublica.com.ar\/web\/index.php\/wp-json\/wp\/v2\/posts\/16223\/revisions"}],"predecessor-version":[{"id":16231,"href":"https:\/\/diariorepublica.com.ar\/web\/index.php\/wp-json\/wp\/v2\/posts\/16223\/revisions\/16231"}],"wp:featuredmedia":[{"embeddable":true,"href":"https:\/\/diariorepublica.com.ar\/web\/index.php\/wp-json\/wp\/v2\/media\/16230"}],"wp:attachment":[{"href":"https:\/\/diariorepublica.com.ar\/web\/index.php\/wp-json\/wp\/v2\/media?parent=16223"}],"wp:term":[{"taxonomy":"category","embeddable":true,"href":"https:\/\/diariorepublica.com.ar\/web\/index.php\/wp-json\/wp\/v2\/categories?post=16223"},{"taxonomy":"post_tag","embeddable":true,"href":"https:\/\/diariorepublica.com.ar\/web\/index.php\/wp-json\/wp\/v2\/tags?post=16223"}],"curies":[{"name":"wp","href":"https:\/\/api.w.org\/{rel}","templated":true}]}}