{"id":16248,"date":"2024-06-28T07:42:14","date_gmt":"2024-06-28T10:42:14","guid":{"rendered":"https:\/\/diariorepublica.com.ar\/web\/?p=16248"},"modified":"2024-06-28T07:42:16","modified_gmt":"2024-06-28T10:42:16","slug":"se-puso-en-marcha-encuentro-libertario","status":"publish","type":"post","link":"https:\/\/diariorepublica.com.ar\/web\/index.php\/politica\/2024\/06\/28\/se-puso-en-marcha-encuentro-libertario\/","title":{"rendered":"Se puso en marcha \u201cEncuentro Libertario\u201d"},"content":{"rendered":"<p>El excandidato a Gobernador por la Libertad Avanza, Jos\u00e9 Jalil Colom\u00e9, junto al diputado provincial Fernando Baigorr\u00ed y otro grupo de dirigentes libertarios lanzaron el espacio denominado \u201cEncuentro Libertario\u201d. Este nuevo sector se diferencia de la org\u00e1nica libertaria que compone el diputado Adri\u00e1n Brizuela; el titular de la UDAI de ANSES, Pablo Ag\u00fcero y la titular de la regional de la ANSES, Myrian Ju\u00e1rez. Con este espacio, sumado a Uni\u00f3n Libertaria que comanda el empresario Javier Gal\u00e1n, ya son tres las corrientes libertarias que conviven en la provincia.<\/p>\n<p>Jalil Colom\u00e9 explic\u00f3 que este nuevo sector es un \u201cmovimiento provincial\u201d con sus propios principios econ\u00f3micos, libertarios y filos\u00f3ficos. \u201cEste es un movimiento transversal, tenemos amplia democracia y todos pueden participar\u00bb<\/p>\n<p>Posteriormente, los dirigentes fueron consultados sobre la posible visita a Catamarca de la secretaria general de la Presidencia, Karina Milei y si ellos estaban al tanto y la iban a recibir. Los referentes plantearon sus diferencias con la hermana del presidente Javier Milei. \u201cSomos un espacio aparte, el espacio conformado por Karina Milei se llama la Libertad Avanza y est\u00e1 en conformaci\u00f3n\u201d, dijo Baigorr\u00ed. \u201cNosotros no participamos de ese espacio, de hecho arbitrariamente desde ese espacio despu\u00e9s de las elecciones generales de octubre y antes del balotaje se dej\u00f3 afuera a mucha gente que puso su cara, su patrimonio. Hay gente que fue candidata en el interior y fue dejada de lado. Este nuevo espacio nace por eso, por los que fueron dejados de lado arbitrariamente\u201d, a\u00f1adi\u00f3.<\/p>\n<p>Sin embargo, aclararon que acompa\u00f1an las pol\u00edticas nacionales. \u201cEstamos acompa\u00f1ando totalmente. El espacio acompa\u00f1a a Milei, tenemos una visi\u00f3n un poquito cr\u00edtica de temas puntuales y lo hicimos saber, como el de las universidades y de los despidos en diferentes sectores. Pero acompa\u00f1amos y compartimos la mayor\u00eda de las ideas y las que no, las hacemos saber como cr\u00edticas constructivas\u201d, dijo el diputado.<\/p>\n<p>Sobre la pol\u00e9mica por los descuentos en Diputados, tanto Baigorr\u00ed como Jalil Colom\u00e9 se diferenciaron de los legisladores y plantearon que est\u00e1 mal. \u201cYo estoy en contra\u201d, dijo Baigorr\u00ed para luego indicar: \u201cYo no he sido part\u00edcipe de eso y ni siquiera he sido consultado. Yo soy miembro de otro partido que es el MID. Los partidos pol\u00edticos se rigen por la ley de financiamiento, adem\u00e1s de que cada uno tiene su carta org\u00e1nica, en lo cual est\u00e1n previstos los aportes. El tema ac\u00e1 es que los aportes son aportes privados mediante un acto voluntario. No se puede imponer el descuento arbitrariamente y mucho menos trasladarlo a una cuenta privada. Tiene que ir a una cuenta de un partido pol\u00edtico que est\u00e1 en control de la Justicia Electoral\u201d.<\/p>\n<p>Por su parte, Jalil Colom\u00e9 tambi\u00e9n se expres\u00f3 en contra. \u201cNosotros creemos en la inviolabilidad de la propiedad privada. El salario es propiedad privada\u00bb, dijo. Si bien dijo que en la pol\u00edtica actual los descuentos por aportes partidarios \u201chan sido pr\u00e1ctica com\u00fan, ilegal o no \u00e9tica de los diferentes partidos\u201d, al menos ellos \u201ccomo libertarios\u201d no pueden aplicar descuentos autom\u00e1ticos que no sean voluntarios.<\/p>\n<p>Finalmente, opinaron de la sesi\u00f3n de la C\u00e1mara de Diputados en Santa Mar\u00eda la pr\u00f3xima semana. Para Jalil Colom\u00e9 \u201cla excusa\u201d para viajar al interior \u201ces oportunista\u201d, aunque consider\u00f3 que \u201cno es mala idea que la Legislatura vaya permanentemente al interior de la provincia\u201d.<\/p>\n<p>\u201cNo tiene que haber nada de viajes transitorios para armar un show pol\u00edtico. Se deber\u00eda elegir peri\u00f3dicamente un lugar del interior para ir y que la Legislatura recupere su independencia pol\u00edtica para que esta forma se equilibre a esta Catamarca macrocef\u00e1lica con una Capital enorme y un interior d\u00e9bil\u201d, cerr\u00f3.<\/p>\n<p>Principios<br \/>\nAl momento de lanzar el espacio, Fernando Baigorr\u00ed dijo que este nuevo sector espera \u201csumar a todos los que quieren cambiar la realidad de la provincia, que tengan las ideas de trabajar por todos los catamarque\u00f1os y que no quede solo en el relato sino que pase a la pr\u00e1ctica\u201d.<\/p>\n<p>\u201cQueremos conformar un esquema competitivo que pueda ser elegido el d\u00eda de ma\u00f1ana para llevar adelante todas estas ideas\u201d, dijo.<\/p>\n<p>Por su parte, Jalil Colom\u00e9 detall\u00f3 los principios de su nuevo sector. \u201cBuscamos promover una sociedad pr\u00f3spera y aut\u00f3noma en valores del individuo humano libre\u201d, dijo para luego agregar: aspiramos a achicar el Estado manteniendo los servicios que debe prestar. Tambi\u00e9n queremos limitar el control del Estado sobre los ciudadanos y consideramos que el libertarismo no es una moda sino una necesidad de la sociedad\u201d.<\/p>\n","protected":false},"excerpt":{"rendered":"<p>El excandidato a Gobernador por la Libertad Avanza, Jos\u00e9 Jalil Colom\u00e9, junto al diputado provincial Fernando Baigorr\u00ed y otro grupo<\/p>\n","protected":false},"author":2,"featured_media":16253,"comment_status":"closed","ping_status":"closed","sticky":false,"template":"","format":"standard","meta":{"footnotes":"","jetpack_publicize_message":"","jetpack_publicize_feature_enabled":true,"jetpack_social_post_already_shared":true,"jetpack_social_options":{"image_generator_settings":{"template":"highway","enabled":false},"version":2}},"categories":[12],"tags":[],"class_list":["post-16248","post","type-post","status-publish","format-standard","has-post-thumbnail","hentry","category-politica"],"jetpack_publicize_connections":[],"_links":{"self":[{"href":"https:\/\/diariorepublica.com.ar\/web\/index.php\/wp-json\/wp\/v2\/posts\/16248"}],"collection":[{"href":"https:\/\/diariorepublica.com.ar\/web\/index.php\/wp-json\/wp\/v2\/posts"}],"about":[{"href":"https:\/\/diariorepublica.com.ar\/web\/index.php\/wp-json\/wp\/v2\/types\/post"}],"author":[{"embeddable":true,"href":"https:\/\/diariorepublica.com.ar\/web\/index.php\/wp-json\/wp\/v2\/users\/2"}],"replies":[{"embeddable":true,"href":"https:\/\/diariorepublica.com.ar\/web\/index.php\/wp-json\/wp\/v2\/comments?post=16248"}],"version-history":[{"count":1,"href":"https:\/\/diariorepublica.com.ar\/web\/index.php\/wp-json\/wp\/v2\/posts\/16248\/revisions"}],"predecessor-version":[{"id":16254,"href":"https:\/\/diariorepublica.com.ar\/web\/index.php\/wp-json\/wp\/v2\/posts\/16248\/revisions\/16254"}],"wp:featuredmedia":[{"embeddable":true,"href":"https:\/\/diariorepublica.com.ar\/web\/index.php\/wp-json\/wp\/v2\/media\/16253"}],"wp:attachment":[{"href":"https:\/\/diariorepublica.com.ar\/web\/index.php\/wp-json\/wp\/v2\/media?parent=16248"}],"wp:term":[{"taxonomy":"category","embeddable":true,"href":"https:\/\/diariorepublica.com.ar\/web\/index.php\/wp-json\/wp\/v2\/categories?post=16248"},{"taxonomy":"post_tag","embeddable":true,"href":"https:\/\/diariorepublica.com.ar\/web\/index.php\/wp-json\/wp\/v2\/tags?post=16248"}],"curies":[{"name":"wp","href":"https:\/\/api.w.org\/{rel}","templated":true}]}}