{"id":16252,"date":"2024-06-28T07:42:46","date_gmt":"2024-06-28T10:42:46","guid":{"rendered":"https:\/\/diariorepublica.com.ar\/web\/?p=16252"},"modified":"2024-06-28T07:42:47","modified_gmt":"2024-06-28T10:42:47","slug":"dolor-de-cabeza-para-scaloni-con-la-lesion-de-acuna","status":"publish","type":"post","link":"https:\/\/diariorepublica.com.ar\/web\/index.php\/deportes\/2024\/06\/28\/dolor-de-cabeza-para-scaloni-con-la-lesion-de-acuna\/","title":{"rendered":"Dolor de cabeza para Scaloni con la lesi\u00f3n de Acu\u00f1a"},"content":{"rendered":"<p>La Selecci\u00f3n argentina enfrenta un nuevo obst\u00e1culo en su camino en la Copa Am\u00e9rica ya que Marcos Acu\u00f1a fue descartado para el pr\u00f3ximo partido frente a Per\u00fa, debido a una molestia muscular.<\/p>\n<p>Este duelo, que se jugar\u00e1 este s\u00e1bado en el Hard Rock Stadium de Miami, es crucial para el equipo que compite en la tercera fecha del Grupo A. La lesi\u00f3n de Acu\u00f1a se suma a la preocupaci\u00f3n por la evoluci\u00f3n de Lionel Messi, quien tambi\u00e9n est\u00e1 bajo observaci\u00f3n m\u00e9dica.<\/p>\n<p>Acu\u00f1a, quien ingres\u00f3 como suplente en el reciente triunfo ag\u00f3nico ante Chile por 1 a 0, encendi\u00f3 las alarmas en el equipo argentino al manifestar su dolor. A pesar de haberse perfilado como titular para el encuentro contra Per\u00fa, la lesi\u00f3n impide su participaci\u00f3n.<\/p>\n<p>Lionel Scaloni, el director t\u00e9cnico, hab\u00eda anticipado la posibilidad de utilizar una formaci\u00f3n alternativa para este partido, lo que ahora se ve obligado a realizar sin Acu\u00f1a.<\/p>\n<p>El defensor, de 32 a\u00f1os, sufri\u00f3 varias lesiones musculares en el \u00faltimo tiempo y una pubialgia durante la \u00faltima temporada en Sevilla. Sin embargo, el cuerpo t\u00e9cnico de la Selecci\u00f3n lo hab\u00eda considerado en buena forma al inicio de la gira previa a la Copa Am\u00e9rica. Acu\u00f1a fue titular en los amistosos ante Ecuador y en el debut contra Canad\u00e1.<\/p>\n<p>El regreso de Acu\u00f1a depender\u00e1 de la evoluci\u00f3n de su lesi\u00f3n. Se espera que pueda estar disponible para una hipot\u00e9tica semifinal, en caso de que Argentina avance a esa instancia.<\/p>\n<p>La ausencia de Messi ante Per\u00fa era una posibilidad muy clara ya que Scaloni hab\u00eda confirmado luego de la victoria ante los trasandinos, que consum\u00f3 la clasificaci\u00f3n de la Selecci\u00f3n a cuartos de final, que iba a rotar jugadores: \u201cSer\u00e1 justo que jueguen los chicos que a\u00fan no jugaron, porque los quiero ver y lo merecen\u201d.<\/p>\n","protected":false},"excerpt":{"rendered":"<p>La Selecci\u00f3n argentina enfrenta un nuevo obst\u00e1culo en su camino en la Copa Am\u00e9rica ya que Marcos Acu\u00f1a fue descartado<\/p>\n","protected":false},"author":1,"featured_media":16256,"comment_status":"closed","ping_status":"closed","sticky":false,"template":"","format":"standard","meta":{"footnotes":"","jetpack_publicize_message":"","jetpack_publicize_feature_enabled":true,"jetpack_social_post_already_shared":true,"jetpack_social_options":{"image_generator_settings":{"template":"highway","enabled":false},"version":2}},"categories":[9],"tags":[],"class_list":["post-16252","post","type-post","status-publish","format-standard","has-post-thumbnail","hentry","category-deportes"],"jetpack_publicize_connections":[],"_links":{"self":[{"href":"https:\/\/diariorepublica.com.ar\/web\/index.php\/wp-json\/wp\/v2\/posts\/16252"}],"collection":[{"href":"https:\/\/diariorepublica.com.ar\/web\/index.php\/wp-json\/wp\/v2\/posts"}],"about":[{"href":"https:\/\/diariorepublica.com.ar\/web\/index.php\/wp-json\/wp\/v2\/types\/post"}],"author":[{"embeddable":true,"href":"https:\/\/diariorepublica.com.ar\/web\/index.php\/wp-json\/wp\/v2\/users\/1"}],"replies":[{"embeddable":true,"href":"https:\/\/diariorepublica.com.ar\/web\/index.php\/wp-json\/wp\/v2\/comments?post=16252"}],"version-history":[{"count":1,"href":"https:\/\/diariorepublica.com.ar\/web\/index.php\/wp-json\/wp\/v2\/posts\/16252\/revisions"}],"predecessor-version":[{"id":16257,"href":"https:\/\/diariorepublica.com.ar\/web\/index.php\/wp-json\/wp\/v2\/posts\/16252\/revisions\/16257"}],"wp:featuredmedia":[{"embeddable":true,"href":"https:\/\/diariorepublica.com.ar\/web\/index.php\/wp-json\/wp\/v2\/media\/16256"}],"wp:attachment":[{"href":"https:\/\/diariorepublica.com.ar\/web\/index.php\/wp-json\/wp\/v2\/media?parent=16252"}],"wp:term":[{"taxonomy":"category","embeddable":true,"href":"https:\/\/diariorepublica.com.ar\/web\/index.php\/wp-json\/wp\/v2\/categories?post=16252"},{"taxonomy":"post_tag","embeddable":true,"href":"https:\/\/diariorepublica.com.ar\/web\/index.php\/wp-json\/wp\/v2\/tags?post=16252"}],"curies":[{"name":"wp","href":"https:\/\/api.w.org\/{rel}","templated":true}]}}