{"id":16255,"date":"2024-06-28T07:50:22","date_gmt":"2024-06-28T10:50:22","guid":{"rendered":"https:\/\/diariorepublica.com.ar\/web\/?p=16255"},"modified":"2024-06-28T07:50:24","modified_gmt":"2024-06-28T10:50:24","slug":"el-dia-de-las-pymes-no-tuvo-motivos-para-la-celebracion","status":"publish","type":"post","link":"https:\/\/diariorepublica.com.ar\/web\/index.php\/sociedad\/2024\/06\/28\/el-dia-de-las-pymes-no-tuvo-motivos-para-la-celebracion\/","title":{"rendered":"El Dia de las Pymes no tuvo motivos para la celebraci\u00f3n"},"content":{"rendered":"<p>Aunque el d\u00eda las pymes se celebra mundialmente todos los 27 de junio, este a\u00f1o las peque\u00f1as y medianas empresas (Pymes) argentinas no tienen nada que festejar: en los primeros tres meses de gobierno de Javier Milei, ya cerraron unas 3.500, revirtiendo el pico m\u00e1ximo de diciembre pasado. Se trata de un ritmo in\u00e9dito de destrucci\u00f3n del entramado productivo. Concretamente, la cantidad de empleadores en el pa\u00eds baj\u00f3 de 513.650 en diciembre a 511.630 en enero, 510.235 en febrero y finalmente 508.798 en marzo. Es decir, 3.559 empresas perdidas en tres meses, a raz\u00f3n de casi 40 por d\u00eda, seg\u00fan revel\u00f3 un informe basado en datos de la Superintendencia de Riesgos de Trabajo de la Naci\u00f3n.<\/p>\n<p>Las pymes son efectivamente las m\u00e1s afectadas, ya que el 99% de los empleadores perdidos (3.523) son empresas de hasta 500 trabajadores. En cambio, solo 36 empresas cerradas, el 1% del total, ten\u00edan m\u00e1s de 500 empleados, agreg\u00f3 la presentaci\u00f3n.<\/p>\n<p>El reverso de este cierre de empresas es que entre enero y marzo se destruyeron 136.000 empleos registrados, al bajar del pico de 9,88 millones en diciembre a 9,72 millones en marzo. Aunque en este caso, al rev\u00e9s de lo que ocurre con la p\u00e9rdida de empleadores, la gran mayor\u00eda de los nuevos desocupados registrados se produjeron en empresas grandes, de m\u00e1s de 500 empleados.<\/p>\n","protected":false},"excerpt":{"rendered":"<p>Aunque el d\u00eda las pymes se celebra mundialmente todos los 27 de junio, este a\u00f1o las peque\u00f1as y medianas empresas<\/p>\n","protected":false},"author":2,"featured_media":16258,"comment_status":"closed","ping_status":"closed","sticky":false,"template":"","format":"standard","meta":{"footnotes":"","jetpack_publicize_message":"","jetpack_publicize_feature_enabled":true,"jetpack_social_post_already_shared":true,"jetpack_social_options":{"image_generator_settings":{"template":"highway","enabled":false},"version":2}},"categories":[3],"tags":[],"class_list":["post-16255","post","type-post","status-publish","format-standard","has-post-thumbnail","hentry","category-sociedad"],"jetpack_publicize_connections":[],"_links":{"self":[{"href":"https:\/\/diariorepublica.com.ar\/web\/index.php\/wp-json\/wp\/v2\/posts\/16255"}],"collection":[{"href":"https:\/\/diariorepublica.com.ar\/web\/index.php\/wp-json\/wp\/v2\/posts"}],"about":[{"href":"https:\/\/diariorepublica.com.ar\/web\/index.php\/wp-json\/wp\/v2\/types\/post"}],"author":[{"embeddable":true,"href":"https:\/\/diariorepublica.com.ar\/web\/index.php\/wp-json\/wp\/v2\/users\/2"}],"replies":[{"embeddable":true,"href":"https:\/\/diariorepublica.com.ar\/web\/index.php\/wp-json\/wp\/v2\/comments?post=16255"}],"version-history":[{"count":1,"href":"https:\/\/diariorepublica.com.ar\/web\/index.php\/wp-json\/wp\/v2\/posts\/16255\/revisions"}],"predecessor-version":[{"id":16259,"href":"https:\/\/diariorepublica.com.ar\/web\/index.php\/wp-json\/wp\/v2\/posts\/16255\/revisions\/16259"}],"wp:featuredmedia":[{"embeddable":true,"href":"https:\/\/diariorepublica.com.ar\/web\/index.php\/wp-json\/wp\/v2\/media\/16258"}],"wp:attachment":[{"href":"https:\/\/diariorepublica.com.ar\/web\/index.php\/wp-json\/wp\/v2\/media?parent=16255"}],"wp:term":[{"taxonomy":"category","embeddable":true,"href":"https:\/\/diariorepublica.com.ar\/web\/index.php\/wp-json\/wp\/v2\/categories?post=16255"},{"taxonomy":"post_tag","embeddable":true,"href":"https:\/\/diariorepublica.com.ar\/web\/index.php\/wp-json\/wp\/v2\/tags?post=16255"}],"curies":[{"name":"wp","href":"https:\/\/api.w.org\/{rel}","templated":true}]}}