{"id":16267,"date":"2024-06-28T11:34:04","date_gmt":"2024-06-28T14:34:04","guid":{"rendered":"https:\/\/diariorepublica.com.ar\/web\/?p=16267"},"modified":"2024-06-28T11:34:06","modified_gmt":"2024-06-28T14:34:06","slug":"la-vicegobernacion-activa-brindo-sus-programas-en-antofagasta-de-la-sierra","status":"publish","type":"post","link":"https:\/\/diariorepublica.com.ar\/web\/index.php\/locales\/2024\/06\/28\/la-vicegobernacion-activa-brindo-sus-programas-en-antofagasta-de-la-sierra\/","title":{"rendered":"La \u201cVicegobernaci\u00f3n Activa\u201d brind\u00f3 sus programas en Antofagasta de la Sierra"},"content":{"rendered":"<p style=\"font-weight: 400;\">El equipo de Vicegobernaci\u00f3n que conduce Rub\u00e9n Dusso se hizo presente el martes y mi\u00e9rcoles de esta semana en Antofagasta de la Sierra con su plan integral \u201cVicegobernaci\u00f3n Activa\u201d, ofreciendo a la comunidad su programa \u201cTurismo y Monta\u00f1a\u201d, destinada a los prestadores de servicios tur\u00edsticos.<\/p>\n<p style=\"font-weight: 400;\">\n<p style=\"font-weight: 400;\">El equipo liderado por Noelia Miranda lleg\u00f3 as\u00ed a la Escuela N\u00b0142 \u201cPolic\u00eda Federal Argentina\u201d de El Pe\u00f1\u00f3n y el \u201cPunto Digital\u201d de la Villa de Antofagasta de la Sierra, donde vecinas, vecinos y estudiantes pudieron aprovechar las capacitaciones en habilidades y pr\u00e1cticas para gu\u00edas en ambientes de monta\u00f1a, tomando tambi\u00e9n, en el mismo sentido y con igual valor para el servicio tur\u00edstico, el Taller de primeros auxilios y RCP.<\/p>\n<p style=\"font-weight: 400;\">\n<p style=\"font-weight: 400;\">\n<p style=\"font-weight: 400;\"><strong>Sobre Vicegobernaci\u00f3n Activa<\/strong><\/p>\n<p style=\"font-weight: 400;\">\n<p style=\"font-weight: 400;\">Este plan integral estrat\u00e9gico se desenvuelve desde el a\u00f1o 2021, semana a semana de forma itinerante por la ciudad capital y la provincia, llegando as\u00ed a diferentes barrios, localidades y puntos de encuentro para ofrecer sus programas de manera abierta y gratuita.<\/p>\n<p style=\"font-weight: 400;\">\n<p style=\"font-weight: 400;\">En este sentido, la oferta de los programas articulados bajo este plan abarca diferentes franjas etarias, ocup\u00e1ndose de diversas preocupaciones y necesidades en la comunidad, ofreciendo a estudiantes secundarios tanto la experiencia de un programa como Senado en la Escuela, que tiene como fin motivar la participaci\u00f3n ciudadana de los j\u00f3venes en cuestiones del Estado a partir de proyectos legislativos, o bien el taller de Orientaci\u00f3n Vocacional \u201cConstruyendo mi futuro\u201d.<\/p>\n<p style=\"font-weight: 400;\">\n<p style=\"font-weight: 400;\">Las infancias, as\u00ed como los amantes de la lectura pueden encontrar un espacio tanto desde el programa Biblioteca Activa, creado con el fin de incentivar la lectura en la infancia y adolescencia, as\u00ed como en los talleres de Manga y Comic, que brinda los conocimientos necesarios para que cada asistente pueda elaborar un proyecto, siguiendo un proceso creativo que le permita desarrollar su propio c\u00f3mic o manga.<\/p>\n<p style=\"font-weight: 400;\">\n<p style=\"font-weight: 400;\">Quienes se dedican al arte musical pueden aprovechar los servicios del Estudio De Grabaci\u00f3n, que permite realizar producciones de manera gratuita en un estudio y con un equipo t\u00e9cnico profesional, beneficiarse tambi\u00e9n con las asesor\u00edas de DNDA y SADAIC para el registro de obras, o bien realizar el programa Resonar, orientado a educadores musicales y talleristas especializados en instrumentos aer\u00f3fonos andinos.<\/p>\n<p style=\"font-weight: 400;\">\n<p style=\"font-weight: 400;\">Si pensamos en emprendedoras y emprendedores, el plan de la Vicegobernaci\u00f3n cuenta con programas como el Taller de Encuadernaci\u00f3n, que brinda la Biblioteca del Senado, que ofrece una herramienta de salida laboral a los j\u00f3venes y p\u00fablico en general, como as\u00ed tambi\u00e9n desarrollarlo en otras instituciones, as\u00ed como el taller Turismo y Monta\u00f1a, que tiene como objetivo fortalecer y profesionalizar el sector tur\u00edstico en los 16 departamentos de la provincia.<\/p>\n<p style=\"font-weight: 400;\">\n<p style=\"font-weight: 400;\">Una menci\u00f3n especial requiere el programa Mujeres en la Ruralidad, que busca fomentar una red de apoyo que promueva la cultura emprendedora, diversifique las actividades econ\u00f3micas y abra nuevas perspectivas, estableciendo canales de coordinaci\u00f3n con distintas entidades gubernamentales para reforzar las iniciativas productivas en el sector.<\/p>\n<p style=\"font-weight: 400;\">\n<p style=\"font-weight: 400;\">Los docentes tambi\u00e9n tienen su propuesta de formaci\u00f3n, con iniciativas como el Laboratorio Itinerante de Qu\u00edmica, que busca impulsar la ciencia experimental en todas las escuelas rurales de la provincia, dirigido a tanto a estudiantes como docentes, para brindar las herramientas de trabajo con sustancias de la vida cotidiana.<\/p>\n","protected":false},"excerpt":{"rendered":"<p>El equipo de Vicegobernaci\u00f3n que conduce Rub\u00e9n Dusso se hizo presente el martes y mi\u00e9rcoles de esta semana en Antofagasta<\/p>\n","protected":false},"author":1,"featured_media":16268,"comment_status":"closed","ping_status":"closed","sticky":false,"template":"","format":"standard","meta":{"footnotes":"","jetpack_publicize_message":"","jetpack_publicize_feature_enabled":true,"jetpack_social_post_already_shared":true,"jetpack_social_options":{"image_generator_settings":{"template":"highway","enabled":false},"version":2}},"categories":[2],"tags":[],"class_list":["post-16267","post","type-post","status-publish","format-standard","has-post-thumbnail","hentry","category-locales"],"jetpack_publicize_connections":[],"_links":{"self":[{"href":"https:\/\/diariorepublica.com.ar\/web\/index.php\/wp-json\/wp\/v2\/posts\/16267"}],"collection":[{"href":"https:\/\/diariorepublica.com.ar\/web\/index.php\/wp-json\/wp\/v2\/posts"}],"about":[{"href":"https:\/\/diariorepublica.com.ar\/web\/index.php\/wp-json\/wp\/v2\/types\/post"}],"author":[{"embeddable":true,"href":"https:\/\/diariorepublica.com.ar\/web\/index.php\/wp-json\/wp\/v2\/users\/1"}],"replies":[{"embeddable":true,"href":"https:\/\/diariorepublica.com.ar\/web\/index.php\/wp-json\/wp\/v2\/comments?post=16267"}],"version-history":[{"count":1,"href":"https:\/\/diariorepublica.com.ar\/web\/index.php\/wp-json\/wp\/v2\/posts\/16267\/revisions"}],"predecessor-version":[{"id":16269,"href":"https:\/\/diariorepublica.com.ar\/web\/index.php\/wp-json\/wp\/v2\/posts\/16267\/revisions\/16269"}],"wp:featuredmedia":[{"embeddable":true,"href":"https:\/\/diariorepublica.com.ar\/web\/index.php\/wp-json\/wp\/v2\/media\/16268"}],"wp:attachment":[{"href":"https:\/\/diariorepublica.com.ar\/web\/index.php\/wp-json\/wp\/v2\/media?parent=16267"}],"wp:term":[{"taxonomy":"category","embeddable":true,"href":"https:\/\/diariorepublica.com.ar\/web\/index.php\/wp-json\/wp\/v2\/categories?post=16267"},{"taxonomy":"post_tag","embeddable":true,"href":"https:\/\/diariorepublica.com.ar\/web\/index.php\/wp-json\/wp\/v2\/tags?post=16267"}],"curies":[{"name":"wp","href":"https:\/\/api.w.org\/{rel}","templated":true}]}}