{"id":16270,"date":"2024-06-28T12:11:54","date_gmt":"2024-06-28T15:11:54","guid":{"rendered":"https:\/\/diariorepublica.com.ar\/web\/?p=16270"},"modified":"2024-06-28T12:11:56","modified_gmt":"2024-06-28T15:11:56","slug":"se-viene-el-cambio-del-regimen-monetario-milei-celebro-la-sancion-de-la-ley-bases","status":"publish","type":"post","link":"https:\/\/diariorepublica.com.ar\/web\/index.php\/politica\/2024\/06\/28\/se-viene-el-cambio-del-regimen-monetario-milei-celebro-la-sancion-de-la-ley-bases\/","title":{"rendered":"\u00abSe viene el cambio del r\u00e9gimen monetario\u00bb: Milei celebr\u00f3 la sanci\u00f3n de la Ley Bases"},"content":{"rendered":"<div class=\"small-12\">\n<div class=\"main_media_container\">\n<div class=\"e-post-loading\">\n<div class=\"e-spinner\">\n<div class=\"rect1\"><span style=\"font-size: 15px;\">El presidente <\/span><strong style=\"font-size: 15px;\">Javier Milei c<\/strong><span style=\"font-size: 15px;\">elebr\u00f3 la sanci\u00f3n de la Ley Bases y el paquete fiscal al sostener que considera \u201cun hito hist\u00f3rico y monumental para la historia\u201d. Adem\u00e1s, revel\u00f3 que la Argentina transita la segunda etapa de su plan econ\u00f3mico, \u201cla de emisi\u00f3n cero\u201d.\u00a0<\/span><\/div>\n<\/div>\n<\/div>\n<\/div>\n<\/div>\n<div class=\"small-12 medium-12 large-12 columns \">\n<div class=\"e-post-text\">\n<p><strong>\u201cEs un hito hist\u00f3rico y monumental para la historia argentina. Es cinco veces m\u00e1s grande que la reforma de Menem, si a eso le sumamos que el DNI est\u00e1 vigente significa que la Argentina tiene 800 disposiciones de desregulaci\u00f3n econ\u00f3mica\u201d<\/strong>, calific\u00f3 luego de que\u00a0la C\u00e1mara de Diputados aprobara el articulado y las modificaciones de la ley sancionadas en el Senado.<\/p>\n<p>Asimismo, destac\u00f3:\u00a0\u00abLa consolidaci\u00f3n fiscal esta en marcha, ya pas\u00f3 la etapa del d\u00e9ficit cero. Ahora vamos a la etapa de la emisi\u00f3n cero.<strong>\u00a0Se viene el cambio de r\u00e9gimen monetario<\/strong>. Lo que nosotros estamos apuntando es a que la base monetaria amplia no var\u00ede m\u00e1s\u00bb.<\/p>\n<p>\u201cApuntamos a que lo que se denomina la base monetaria amplia no var\u00ede m\u00e1s. Est\u00e1 cerrado el grifo fiscal, eliminamos fuertemente los pasivos remunerados, adentro de las cuentas del Banco Central hay un ajuste de 9 puntos del PBI. Y la idea es que la base monetaria amplia y la simple se parezcan cada d\u00eda m\u00e1s, hasta que terminan de desaparecer los remunerados\u201d, detall\u00f3.<\/p>\n<p>Por su parte, prometi\u00f3 nuevas reformas estructurales, y anticip\u00f3 que el nombramiento del -hasta ahora- asesor Federico Sturzenegger tendr\u00e1 lugar la pr\u00f3xima semana. Tambi\u00e9n cont\u00f3 que este jueves, mantuvo un extenso encuentro con el extitular del Banco Central y prometi\u00f3 que presentar\u00e1n la \u201cLey de Hojarascas\u201d para avanzar en las desregulaciones que entorpecen el funcionamiento del sistema econ\u00f3mico.<\/p>\n<p>El mandatario revel\u00f3 que la cartera que encabezar\u00e1 el padre del DNU llevar\u00e1 \u00aba cabo las reformas estructurales para que ganemos libertad econ\u00f3mica y podamos seguir creciendo\u201d.<\/p>\n<p><strong>El detalle de la realidad econ\u00f3mica<\/strong><\/p>\n<p>En otro pasaje de la entrevista, el mandatario minimiz\u00f3 la ca\u00edda de reservas y sostuvo que su gesti\u00f3n sobrecumpli\u00f3 la meta por lo que podr\u00eda perder \u201chasta 4 mil millones de d\u00f3lares\u201d.<\/p>\n<p>Adem\u00e1s prometi\u00f3 la reducci\u00f3n de 170 impuestos a 10, y asegur\u00f3 que cuando termine de reglamentarse la Ley Bases habr\u00e1 una reducci\u00f3n del Impuesto Pa\u00eds.<\/p>\n<p>Para el Presidente, la econom\u00eda \u201cse est\u00e1 moviendo y hay fundamentos para que empecemos una recuperaci\u00f3n s\u00f3lida\u201d, y destac\u00f3 que \u00abel salario real est\u00e1 creciendo\u00bb y que las jubilaciones \u00abest\u00e1n arriba y en d\u00f3lares se duplicaron\u201d.<\/p>\n<p>Consultado por el bono para jubilados, Milei asegur\u00f3 que \u201csolo habr\u00e1 en funci\u00f3n de c\u00f3mo viene la situaci\u00f3n y los n\u00fameros fiscales\u201d. \u201cNo vamos a mentir ni a enga\u00f1ar a la gente prometiendole cosas que no hay. Esta pol\u00edtica de hacer las cosas con emision monetaria genera mayor pobreza\u201d, puntualiz\u00f3.<\/p>\n<p>Por \u00faltimo, volvi\u00f3 a cargar contra los diputados a los que calific\u00f3 nuevamente de \u201cdegenerados fiscales\u201d, y emiti\u00f3 una sorpresiva cr\u00edtica contra los propios: \u201cHay algunos que cofunden ser libertario con libertarados. Descubr\u00ed que hay muchos m\u00e1s libertarados que libertarios\u201d.<\/p>\n<\/div>\n<\/div>\n","protected":false},"excerpt":{"rendered":"<p>El presidente Javier Milei celebr\u00f3 la sanci\u00f3n de la Ley Bases y el paquete fiscal al sostener que considera \u201cun<\/p>\n","protected":false},"author":1,"featured_media":16271,"comment_status":"closed","ping_status":"closed","sticky":false,"template":"","format":"standard","meta":{"footnotes":"","jetpack_publicize_message":"","jetpack_publicize_feature_enabled":true,"jetpack_social_post_already_shared":true,"jetpack_social_options":{"image_generator_settings":{"template":"highway","enabled":false},"version":2}},"categories":[12],"tags":[],"class_list":["post-16270","post","type-post","status-publish","format-standard","has-post-thumbnail","hentry","category-politica"],"jetpack_publicize_connections":[],"_links":{"self":[{"href":"https:\/\/diariorepublica.com.ar\/web\/index.php\/wp-json\/wp\/v2\/posts\/16270"}],"collection":[{"href":"https:\/\/diariorepublica.com.ar\/web\/index.php\/wp-json\/wp\/v2\/posts"}],"about":[{"href":"https:\/\/diariorepublica.com.ar\/web\/index.php\/wp-json\/wp\/v2\/types\/post"}],"author":[{"embeddable":true,"href":"https:\/\/diariorepublica.com.ar\/web\/index.php\/wp-json\/wp\/v2\/users\/1"}],"replies":[{"embeddable":true,"href":"https:\/\/diariorepublica.com.ar\/web\/index.php\/wp-json\/wp\/v2\/comments?post=16270"}],"version-history":[{"count":1,"href":"https:\/\/diariorepublica.com.ar\/web\/index.php\/wp-json\/wp\/v2\/posts\/16270\/revisions"}],"predecessor-version":[{"id":16272,"href":"https:\/\/diariorepublica.com.ar\/web\/index.php\/wp-json\/wp\/v2\/posts\/16270\/revisions\/16272"}],"wp:featuredmedia":[{"embeddable":true,"href":"https:\/\/diariorepublica.com.ar\/web\/index.php\/wp-json\/wp\/v2\/media\/16271"}],"wp:attachment":[{"href":"https:\/\/diariorepublica.com.ar\/web\/index.php\/wp-json\/wp\/v2\/media?parent=16270"}],"wp:term":[{"taxonomy":"category","embeddable":true,"href":"https:\/\/diariorepublica.com.ar\/web\/index.php\/wp-json\/wp\/v2\/categories?post=16270"},{"taxonomy":"post_tag","embeddable":true,"href":"https:\/\/diariorepublica.com.ar\/web\/index.php\/wp-json\/wp\/v2\/tags?post=16270"}],"curies":[{"name":"wp","href":"https:\/\/api.w.org\/{rel}","templated":true}]}}