{"id":16301,"date":"2024-07-01T00:03:00","date_gmt":"2024-07-01T03:03:00","guid":{"rendered":"https:\/\/diariorepublica.com.ar\/web\/?p=16301"},"modified":"2024-07-01T08:06:05","modified_gmt":"2024-07-01T11:06:05","slug":"tras-la-derrota-macron-pidio-unirse-contra-la-extrema-derecha-de-cara-a-la-segunda-vuelta","status":"publish","type":"post","link":"https:\/\/diariorepublica.com.ar\/web\/index.php\/internacionales\/2024\/07\/01\/tras-la-derrota-macron-pidio-unirse-contra-la-extrema-derecha-de-cara-a-la-segunda-vuelta\/","title":{"rendered":"Tras la derrota, Macron pidi\u00f3 unirse contra la extrema derecha de cara a la segunda vuelta"},"content":{"rendered":"<p>Tras la dura derrota en las elecciones legislativas de Francia, el presidente Emmanuel Macron pidi\u00f3 este domingo \u00abuna uni\u00f3n amplia claramente democr\u00e1tica y republicana\u00bb frente a la extrema derecha en la segunda vuelta de los comicios, a realizarse el 7 de julio.<\/p>\n<p>\u00abFrente a la Agrupaci\u00f3n Nacional (RN, siglas en franc\u00e9s), es hora de una amplia uni\u00f3n claramente democr\u00e1tica y republicana para la segunda vuelta\u00bb, afirm\u00f3 el mandatario franc\u00e9s en una declaraci\u00f3n enviada a la agencia AFP tras conocerse la victoria de la extrema derecha con m\u00e1s del 35 % de los votos.<\/p>\n<p>Las palabras de Macron se dan como una consigna para que los candidatos que se hayan clasificado en tercera posici\u00f3n en las diferentes circunscripciones pidan el voto para evitar el triunfo de la ultraderecha, un llamamiento similar al que lanz\u00f3 la l\u00edder de los ecologistas, Marine Tondelier, adem\u00e1s del l\u00edder socialista Raphael Glucksman.<\/p>\n<p>Por otro lado, el mandatario se felicit\u00f3 de la alta participaci\u00f3n de las legislativas, que con m\u00e1s del 65 % supone un r\u00e9cord: \u00abLa participaci\u00f3n elevada en la primera vuelta muestra la importancia de esta elecci\u00f3n para todos nuestros compatriotas y la voluntad de clarificar la situaci\u00f3n pol\u00edtica. La democracia nos compromete a ello\u00bb, dijo.<\/p>\n<p>Macron convoc\u00f3 las legislativas el pasado 9 de junio tras la severa derrota de su partido en las europeas en las que la ultraderecha se impuso con mucha ventaja.<\/p>\n<p>Las estimaciones relegan a su partido a una tercera posici\u00f3n, con algo m\u00e1s del 20 %, por detr\u00e1s del Nuevo Frente Popular que re\u00fane a los partidos de izquierda, que se queda algo por debajo del 30 %.<\/p>\n<p>En la segunda vuelta, el RN y sus aliados<strong>\u00a0podr\u00edan alcanzar la mayor\u00eda absoluta de la Asamblea Nacional<\/strong>, que est\u00e1 en 289 diputados.<\/p>\n<p>La proyecci\u00f3n de Elabe le asigna 260-310 esca\u00f1os, mientras que la de Ipsos prev\u00e9 230-280, y la tercera, de Ifop, se queda en 240-270 diputados. Hasta ahora, ten\u00eda solamente 88 asientos.<\/p>\n<p>Por su parte, el NFP tendr\u00eda 115-200 diputados, y el bloque macronista se hundir\u00eda, al caer a 60-100 (hasta ahora ten\u00eda 250), seg\u00fan las tres proyecciones. En tanto, el conservador Los Republicanos tendr\u00eda de 30 a 61 esca\u00f1os.<\/p>\n","protected":false},"excerpt":{"rendered":"<p>Tras la dura derrota en las elecciones legislativas de Francia, el presidente Emmanuel Macron pidi\u00f3 este domingo \u00abuna uni\u00f3n amplia<\/p>\n","protected":false},"author":1,"featured_media":16302,"comment_status":"closed","ping_status":"closed","sticky":false,"template":"","format":"standard","meta":{"footnotes":"","jetpack_publicize_message":"","jetpack_publicize_feature_enabled":true,"jetpack_social_post_already_shared":true,"jetpack_social_options":{"image_generator_settings":{"template":"highway","enabled":false},"version":2}},"categories":[6],"tags":[],"class_list":["post-16301","post","type-post","status-publish","format-standard","has-post-thumbnail","hentry","category-internacionales"],"jetpack_publicize_connections":[],"_links":{"self":[{"href":"https:\/\/diariorepublica.com.ar\/web\/index.php\/wp-json\/wp\/v2\/posts\/16301"}],"collection":[{"href":"https:\/\/diariorepublica.com.ar\/web\/index.php\/wp-json\/wp\/v2\/posts"}],"about":[{"href":"https:\/\/diariorepublica.com.ar\/web\/index.php\/wp-json\/wp\/v2\/types\/post"}],"author":[{"embeddable":true,"href":"https:\/\/diariorepublica.com.ar\/web\/index.php\/wp-json\/wp\/v2\/users\/1"}],"replies":[{"embeddable":true,"href":"https:\/\/diariorepublica.com.ar\/web\/index.php\/wp-json\/wp\/v2\/comments?post=16301"}],"version-history":[{"count":1,"href":"https:\/\/diariorepublica.com.ar\/web\/index.php\/wp-json\/wp\/v2\/posts\/16301\/revisions"}],"predecessor-version":[{"id":16303,"href":"https:\/\/diariorepublica.com.ar\/web\/index.php\/wp-json\/wp\/v2\/posts\/16301\/revisions\/16303"}],"wp:featuredmedia":[{"embeddable":true,"href":"https:\/\/diariorepublica.com.ar\/web\/index.php\/wp-json\/wp\/v2\/media\/16302"}],"wp:attachment":[{"href":"https:\/\/diariorepublica.com.ar\/web\/index.php\/wp-json\/wp\/v2\/media?parent=16301"}],"wp:term":[{"taxonomy":"category","embeddable":true,"href":"https:\/\/diariorepublica.com.ar\/web\/index.php\/wp-json\/wp\/v2\/categories?post=16301"},{"taxonomy":"post_tag","embeddable":true,"href":"https:\/\/diariorepublica.com.ar\/web\/index.php\/wp-json\/wp\/v2\/tags?post=16301"}],"curies":[{"name":"wp","href":"https:\/\/api.w.org\/{rel}","templated":true}]}}