{"id":16322,"date":"2024-07-01T11:36:00","date_gmt":"2024-07-01T14:36:00","guid":{"rendered":"https:\/\/diariorepublica.com.ar\/web\/?p=16322"},"modified":"2024-07-01T11:36:01","modified_gmt":"2024-07-01T14:36:01","slug":"raul-visito-el-club-sarmiento-en-el-marco-del-mes-aniversario","status":"publish","type":"post","link":"https:\/\/diariorepublica.com.ar\/web\/index.php\/sociedad\/2024\/07\/01\/raul-visito-el-club-sarmiento-en-el-marco-del-mes-aniversario\/","title":{"rendered":"Ra\u00fal visit\u00f3 el Club Sarmiento en el marco del mes aniversario"},"content":{"rendered":"<p>En el marco del mes aniversario del Club Atl\u00e9tico Sarmiento, este domingo, el gobernador Ra\u00fal Jalil visit\u00f3 las instalaciones ubicadas en Avenida Acosta Villafa\u00f1e donde comparti\u00f3 un agasajo con socios, dirigentes e hinchas de la instituci\u00f3n.<\/p>\n<p>El Decano del f\u00fatbol catamarque\u00f1o cumpli\u00f3 el pasado 12 de junio 112 a\u00f1os de vida y por ello desde la dirigencia se realiz\u00f3 un agasajo para todos los que forman parte de la vida diaria del club. Sarmiento posee una rica historia social y deportiva, ya que es el club m\u00e1s ganador en la historia de la Liga Catamarque\u00f1a.<\/p>\n<p>El Gobernador dialog\u00f3 con los dirigentes y socios sobre las necesidades en infraestructura que tiene la instituci\u00f3n y, en este sentido, comprometi\u00f3 trabajar para colaborar desde el Estado Provincial con alguna obra.<\/p>\n","protected":false},"excerpt":{"rendered":"<p>En el marco del mes aniversario del Club Atl\u00e9tico Sarmiento, este domingo, el gobernador Ra\u00fal Jalil visit\u00f3 las instalaciones ubicadas<\/p>\n","protected":false},"author":1,"featured_media":16323,"comment_status":"closed","ping_status":"closed","sticky":false,"template":"","format":"standard","meta":{"footnotes":"","jetpack_publicize_message":"","jetpack_publicize_feature_enabled":true,"jetpack_social_post_already_shared":true,"jetpack_social_options":{"image_generator_settings":{"template":"highway","enabled":false},"version":2}},"categories":[3],"tags":[],"class_list":["post-16322","post","type-post","status-publish","format-standard","has-post-thumbnail","hentry","category-sociedad"],"jetpack_publicize_connections":[],"_links":{"self":[{"href":"https:\/\/diariorepublica.com.ar\/web\/index.php\/wp-json\/wp\/v2\/posts\/16322"}],"collection":[{"href":"https:\/\/diariorepublica.com.ar\/web\/index.php\/wp-json\/wp\/v2\/posts"}],"about":[{"href":"https:\/\/diariorepublica.com.ar\/web\/index.php\/wp-json\/wp\/v2\/types\/post"}],"author":[{"embeddable":true,"href":"https:\/\/diariorepublica.com.ar\/web\/index.php\/wp-json\/wp\/v2\/users\/1"}],"replies":[{"embeddable":true,"href":"https:\/\/diariorepublica.com.ar\/web\/index.php\/wp-json\/wp\/v2\/comments?post=16322"}],"version-history":[{"count":1,"href":"https:\/\/diariorepublica.com.ar\/web\/index.php\/wp-json\/wp\/v2\/posts\/16322\/revisions"}],"predecessor-version":[{"id":16324,"href":"https:\/\/diariorepublica.com.ar\/web\/index.php\/wp-json\/wp\/v2\/posts\/16322\/revisions\/16324"}],"wp:featuredmedia":[{"embeddable":true,"href":"https:\/\/diariorepublica.com.ar\/web\/index.php\/wp-json\/wp\/v2\/media\/16323"}],"wp:attachment":[{"href":"https:\/\/diariorepublica.com.ar\/web\/index.php\/wp-json\/wp\/v2\/media?parent=16322"}],"wp:term":[{"taxonomy":"category","embeddable":true,"href":"https:\/\/diariorepublica.com.ar\/web\/index.php\/wp-json\/wp\/v2\/categories?post=16322"},{"taxonomy":"post_tag","embeddable":true,"href":"https:\/\/diariorepublica.com.ar\/web\/index.php\/wp-json\/wp\/v2\/tags?post=16322"}],"curies":[{"name":"wp","href":"https:\/\/api.w.org\/{rel}","templated":true}]}}