{"id":16326,"date":"2024-07-02T06:56:35","date_gmt":"2024-07-02T09:56:35","guid":{"rendered":"https:\/\/diariorepublica.com.ar\/web\/?p=16326"},"modified":"2024-07-02T06:56:36","modified_gmt":"2024-07-02T09:56:36","slug":"hay-que-ayudar-al-gobierno-provincial-y-nacional","status":"publish","type":"post","link":"https:\/\/diariorepublica.com.ar\/web\/index.php\/politica\/2024\/07\/02\/hay-que-ayudar-al-gobierno-provincial-y-nacional\/","title":{"rendered":"<strong>\u00abHay que ayudar al Gobierno provincial y nacional\u00bb<\/strong>"},"content":{"rendered":"<p>El intendente de Ancasti, Rodolfo Santill\u00e1n, se refiri\u00f3 al plenario de la UCR del este provincial que se concret\u00f3 el s\u00e1bado y cont\u00f3 con la mayor\u00eda de los principales referentes del partido.<\/p>\n<p>En este sentido, el jefe comunal se diferenci\u00f3 de la postura de otros dirigentes, quienes dijeron que el encuentro sirvi\u00f3 para avanzar en la unificaci\u00f3n del partido para enfrentar al Gobierno en las pr\u00f3ximas elecciones. \u201cQuiz\u00e1s m\u00e1s que enfrentar yo creo que es ayudar al Gobierno en algunas cosas. Advertirle sobre las cosas que nosotros creemos que est\u00e1n mal y ayudar en las cosas que est\u00e1n bien\u201d, dijo, a lo que a\u00f1adi\u00f3 que la ayuda \u201cno es solo al Gobierno de la provincia sino tambi\u00e9n al Gobierno nacional\u201d.<\/p>\n<p>Sobre la intenci\u00f3n volver a ser gobierno indic\u00f3 que eso se dar\u00e1 \u00fanicamente \u201cestando todos juntos, sincer\u00e1ndonos y haciendo autocr\u00edtica\u201d.<\/p>\n<p>\u201cHay que dar vuelta la p\u00e1gina, lo que ya pas\u00f3, pas\u00f3. Tenemos que sincerarnos y respetarnos entre nosotros. Respetar a los comit\u00e9s departamentales, a las jurisdicciones del interior, porque ellos son los que conocen mejor que nadie lo que pasa en esos lugares y que no venga la gente de la Capital a querer digitar y decir qui\u00e9nes van a ser, qui\u00e9nes no van a ser.<\/p>\n","protected":false},"excerpt":{"rendered":"<p>El intendente de Ancasti, Rodolfo Santill\u00e1n, se refiri\u00f3 al plenario de la UCR del este provincial que se concret\u00f3 el<\/p>\n","protected":false},"author":2,"featured_media":16327,"comment_status":"closed","ping_status":"closed","sticky":false,"template":"","format":"standard","meta":{"footnotes":"","jetpack_publicize_message":"","jetpack_publicize_feature_enabled":true,"jetpack_social_post_already_shared":true,"jetpack_social_options":{"image_generator_settings":{"template":"highway","enabled":false},"version":2}},"categories":[12],"tags":[],"class_list":["post-16326","post","type-post","status-publish","format-standard","has-post-thumbnail","hentry","category-politica"],"jetpack_publicize_connections":[],"_links":{"self":[{"href":"https:\/\/diariorepublica.com.ar\/web\/index.php\/wp-json\/wp\/v2\/posts\/16326"}],"collection":[{"href":"https:\/\/diariorepublica.com.ar\/web\/index.php\/wp-json\/wp\/v2\/posts"}],"about":[{"href":"https:\/\/diariorepublica.com.ar\/web\/index.php\/wp-json\/wp\/v2\/types\/post"}],"author":[{"embeddable":true,"href":"https:\/\/diariorepublica.com.ar\/web\/index.php\/wp-json\/wp\/v2\/users\/2"}],"replies":[{"embeddable":true,"href":"https:\/\/diariorepublica.com.ar\/web\/index.php\/wp-json\/wp\/v2\/comments?post=16326"}],"version-history":[{"count":1,"href":"https:\/\/diariorepublica.com.ar\/web\/index.php\/wp-json\/wp\/v2\/posts\/16326\/revisions"}],"predecessor-version":[{"id":16328,"href":"https:\/\/diariorepublica.com.ar\/web\/index.php\/wp-json\/wp\/v2\/posts\/16326\/revisions\/16328"}],"wp:featuredmedia":[{"embeddable":true,"href":"https:\/\/diariorepublica.com.ar\/web\/index.php\/wp-json\/wp\/v2\/media\/16327"}],"wp:attachment":[{"href":"https:\/\/diariorepublica.com.ar\/web\/index.php\/wp-json\/wp\/v2\/media?parent=16326"}],"wp:term":[{"taxonomy":"category","embeddable":true,"href":"https:\/\/diariorepublica.com.ar\/web\/index.php\/wp-json\/wp\/v2\/categories?post=16326"},{"taxonomy":"post_tag","embeddable":true,"href":"https:\/\/diariorepublica.com.ar\/web\/index.php\/wp-json\/wp\/v2\/tags?post=16326"}],"curies":[{"name":"wp","href":"https:\/\/api.w.org\/{rel}","templated":true}]}}