{"id":16341,"date":"2024-07-02T07:06:22","date_gmt":"2024-07-02T10:06:22","guid":{"rendered":"https:\/\/diariorepublica.com.ar\/web\/?p=16341"},"modified":"2024-07-02T07:06:23","modified_gmt":"2024-07-02T10:06:23","slug":"es-bastante-fuerte-hablar-de-bajar-la-imputabilidad","status":"publish","type":"post","link":"https:\/\/diariorepublica.com.ar\/web\/index.php\/locales\/2024\/07\/02\/es-bastante-fuerte-hablar-de-bajar-la-imputabilidad\/","title":{"rendered":"<strong>\u00abEs bastante fuerte hablar de bajar la imputabilidad\u00bb<\/strong>"},"content":{"rendered":"<p>La ministra de Seguridad de Catamarca, Fabiola Segura cuestion\u00f3 el proyect\u00f3 de Ley para bajar la edad de imputabilidad.<\/p>\n<p>Cabe recordar que el \u00faltimo viernes la ministra de Seguridad, Patricia Bullrich, y el ministro de Justicia, Mariano C\u00faneo Libarona, confirmaron el env\u00edo de un proyecto de ley al Congreso para bajar la edad de imputabilidad desde los 16 a los 13 a\u00f1os.<\/p>\n<p>En este contexto, Fabiola Segura comparti\u00f3 su opini\u00f3n al respecto, \u201cMe he expresado en su oportunidad y sigo sosteniendo lo mismo, no todas las realidades a nivel pa\u00eds son iguales, creo que m\u00e1s all\u00e1 de esa propuesta de proyecto de ley es importante reforzar y hacer un an\u00e1lisis integrado del resto de ares que est\u00e1n comprometidas a trabajar en la prevenci\u00f3n, reinserci\u00f3n y rehabilitaci\u00f3n\u201d, coment\u00f3 la ministra de Seguridad.<\/p>\n<p>Tambi\u00e9n agreg\u00f3, \u201c No es f\u00e1cil hablar de manera generalizada de un tema tan puntualizado donde hay menores de edad por medio, porque est\u00e1n atrasados por diversos factores que los llevan a tener determinadas acciones, creo que va a ser un tema que se va a analizar detalladamente teniendo en cuenta que estamos hablando de nuestros j\u00f3venes\u201d, expres\u00f3 Segura.<\/p>\n<p>\u201cEs bastante fuerte hablar de bajar la imputabilidad, sin embargo confi\u00f3 en que el tratamiento que se va a llevar adelante va a ser de lo m\u00e1s profesionalizado posible\u201d<\/p>\n","protected":false},"excerpt":{"rendered":"<p>La ministra de Seguridad de Catamarca, Fabiola Segura cuestion\u00f3 el proyect\u00f3 de Ley para bajar la edad de imputabilidad. Cabe<\/p>\n","protected":false},"author":2,"featured_media":16342,"comment_status":"closed","ping_status":"closed","sticky":false,"template":"","format":"standard","meta":{"footnotes":"","jetpack_publicize_message":"","jetpack_publicize_feature_enabled":true,"jetpack_social_post_already_shared":true,"jetpack_social_options":{"image_generator_settings":{"template":"highway","enabled":false},"version":2}},"categories":[2],"tags":[],"class_list":["post-16341","post","type-post","status-publish","format-standard","has-post-thumbnail","hentry","category-locales"],"jetpack_publicize_connections":[],"_links":{"self":[{"href":"https:\/\/diariorepublica.com.ar\/web\/index.php\/wp-json\/wp\/v2\/posts\/16341"}],"collection":[{"href":"https:\/\/diariorepublica.com.ar\/web\/index.php\/wp-json\/wp\/v2\/posts"}],"about":[{"href":"https:\/\/diariorepublica.com.ar\/web\/index.php\/wp-json\/wp\/v2\/types\/post"}],"author":[{"embeddable":true,"href":"https:\/\/diariorepublica.com.ar\/web\/index.php\/wp-json\/wp\/v2\/users\/2"}],"replies":[{"embeddable":true,"href":"https:\/\/diariorepublica.com.ar\/web\/index.php\/wp-json\/wp\/v2\/comments?post=16341"}],"version-history":[{"count":1,"href":"https:\/\/diariorepublica.com.ar\/web\/index.php\/wp-json\/wp\/v2\/posts\/16341\/revisions"}],"predecessor-version":[{"id":16343,"href":"https:\/\/diariorepublica.com.ar\/web\/index.php\/wp-json\/wp\/v2\/posts\/16341\/revisions\/16343"}],"wp:featuredmedia":[{"embeddable":true,"href":"https:\/\/diariorepublica.com.ar\/web\/index.php\/wp-json\/wp\/v2\/media\/16342"}],"wp:attachment":[{"href":"https:\/\/diariorepublica.com.ar\/web\/index.php\/wp-json\/wp\/v2\/media?parent=16341"}],"wp:term":[{"taxonomy":"category","embeddable":true,"href":"https:\/\/diariorepublica.com.ar\/web\/index.php\/wp-json\/wp\/v2\/categories?post=16341"},{"taxonomy":"post_tag","embeddable":true,"href":"https:\/\/diariorepublica.com.ar\/web\/index.php\/wp-json\/wp\/v2\/tags?post=16341"}],"curies":[{"name":"wp","href":"https:\/\/api.w.org\/{rel}","templated":true}]}}