{"id":16378,"date":"2024-07-03T07:42:15","date_gmt":"2024-07-03T10:42:15","guid":{"rendered":"https:\/\/diariorepublica.com.ar\/web\/?p=16378"},"modified":"2024-07-03T07:42:16","modified_gmt":"2024-07-03T10:42:16","slug":"ucr-pide-cambiar-ley-de-regalias-mineras","status":"publish","type":"post","link":"https:\/\/diariorepublica.com.ar\/web\/index.php\/sociedad\/2024\/07\/03\/ucr-pide-cambiar-ley-de-regalias-mineras\/","title":{"rendered":"<strong>UCR pide cambiar Ley de Regal\u00edas Mineras<\/strong>"},"content":{"rendered":"<p>La presidenta del bloque UCR, Silvana Carrizo, se mostr\u00f3 expectante por el arribo de la C\u00e1mara de Diputados a Santa Mar\u00eda y destac\u00f3 que los miembros del bloque recibieron inquietudes de los vecinos solicitando que traten temas como la situaci\u00f3n edilicia de los establecimientos educativos.<\/p>\n<p>A\u00f1adi\u00f3 que en la oportunidad, el bloque har\u00e1 la presentaci\u00f3n de dos proyectos de ley que est\u00e1n vinculados a los intereses del departamento. \u201cUno es la modificaci\u00f3n de la Ley de Regal\u00edas Mineras y otro es planteando la emergencia por la situaci\u00f3n sanitaria del departamento\u201d, dijo.<\/p>\n<p>En relaci\u00f3n con el proyecto de reforma de la Ley de Regal\u00edas, mencion\u00f3 que el proyecto busca darle autonom\u00eda a los municipios. \u201cLa Ley fue modificada hace unos a\u00f1os y nosotros buscamos restablecer a los municipios la percepci\u00f3n que les fue quitada en violaci\u00f3n de las autonom\u00edas. Queremos que vuelvan a tener su poder sobre los recursos de las regal\u00edas mineras\u201d, dijo y agreg\u00f3 que cuando el cuerpo empiece a tratar el proyecto, la UCR pedir\u00e1 que se invite a los intendentes para conocer su opini\u00f3n.<\/p>\n","protected":false},"excerpt":{"rendered":"<p>La presidenta del bloque UCR, Silvana Carrizo, se mostr\u00f3 expectante por el arribo de la C\u00e1mara de Diputados a Santa<\/p>\n","protected":false},"author":2,"featured_media":16379,"comment_status":"closed","ping_status":"closed","sticky":false,"template":"","format":"standard","meta":{"footnotes":"","jetpack_publicize_message":"","jetpack_publicize_feature_enabled":true,"jetpack_social_post_already_shared":true,"jetpack_social_options":{"image_generator_settings":{"template":"highway","enabled":false},"version":2}},"categories":[3],"tags":[],"class_list":["post-16378","post","type-post","status-publish","format-standard","has-post-thumbnail","hentry","category-sociedad"],"jetpack_publicize_connections":[],"_links":{"self":[{"href":"https:\/\/diariorepublica.com.ar\/web\/index.php\/wp-json\/wp\/v2\/posts\/16378"}],"collection":[{"href":"https:\/\/diariorepublica.com.ar\/web\/index.php\/wp-json\/wp\/v2\/posts"}],"about":[{"href":"https:\/\/diariorepublica.com.ar\/web\/index.php\/wp-json\/wp\/v2\/types\/post"}],"author":[{"embeddable":true,"href":"https:\/\/diariorepublica.com.ar\/web\/index.php\/wp-json\/wp\/v2\/users\/2"}],"replies":[{"embeddable":true,"href":"https:\/\/diariorepublica.com.ar\/web\/index.php\/wp-json\/wp\/v2\/comments?post=16378"}],"version-history":[{"count":1,"href":"https:\/\/diariorepublica.com.ar\/web\/index.php\/wp-json\/wp\/v2\/posts\/16378\/revisions"}],"predecessor-version":[{"id":16380,"href":"https:\/\/diariorepublica.com.ar\/web\/index.php\/wp-json\/wp\/v2\/posts\/16378\/revisions\/16380"}],"wp:featuredmedia":[{"embeddable":true,"href":"https:\/\/diariorepublica.com.ar\/web\/index.php\/wp-json\/wp\/v2\/media\/16379"}],"wp:attachment":[{"href":"https:\/\/diariorepublica.com.ar\/web\/index.php\/wp-json\/wp\/v2\/media?parent=16378"}],"wp:term":[{"taxonomy":"category","embeddable":true,"href":"https:\/\/diariorepublica.com.ar\/web\/index.php\/wp-json\/wp\/v2\/categories?post=16378"},{"taxonomy":"post_tag","embeddable":true,"href":"https:\/\/diariorepublica.com.ar\/web\/index.php\/wp-json\/wp\/v2\/tags?post=16378"}],"curies":[{"name":"wp","href":"https:\/\/api.w.org\/{rel}","templated":true}]}}