{"id":16450,"date":"2024-07-05T08:29:46","date_gmt":"2024-07-05T11:29:46","guid":{"rendered":"https:\/\/diariorepublica.com.ar\/web\/?p=16450"},"modified":"2024-07-05T08:29:48","modified_gmt":"2024-07-05T11:29:48","slug":"cooperativas-en-accion","status":"publish","type":"post","link":"https:\/\/diariorepublica.com.ar\/web\/index.php\/sociedad\/2024\/07\/05\/cooperativas-en-accion\/","title":{"rendered":"\u00bbCooperativas en Acci\u00f3n\u00bb"},"content":{"rendered":"<p>El 6 de julio se celebra el D\u00eda Internacional de las Cooperativas y en este marco habr\u00e1 actividades feriales y culturales en lo que ser\u00e1 la primera edici\u00f3n de \u201cCooperativas en Acci\u00f3n\u201d, organizadas por numerosas asociaciones en Florida 660 desde las 15.<\/p>\n<p>Augusto Pastore, referente de Cachalahueca, en dialogo con FM REPUBLICA 103.1, coment\u00f3 que dentro de las ofertas que habr\u00e1 este s\u00e1bado, quienes asistan se encontrar\u00e1n con telares de Bel\u00e9n, de las Ara\u00f1itas Hilanderas, de organizaciones norte\u00f1as, exposici\u00f3n y venta de productos y servicios regionales, producciones art\u00edsticas, entre otras.<\/p>\n<p>Pastore explic\u00f3 que en ese d\u00eda en todo el mundo se realizan eventos para visibilizar y \u00abfortalecer el trabajo cooperativo y la producci\u00f3n cooperativa. En este sentido desde Cachalahueca, la Direcci\u00f3n de Acci\u00f3n Cooperativas y Mutuales de la Provincia de Catamarca y la Federaci\u00f3n de Cooperativas Alberto Rosas y otras cooperativas vamos a festejar el d\u00eda con varias actividades\u00bb.<\/p>\n<p>\u201cHabr\u00e1 una oferta bien vasta para disfrutar de las actividades art\u00edsticas para grandes y chicos, y por sobre todas las cosas para conocer la historia de las cooperativas en Catamarca, muchas de ellas con mucha historia, mucha construcci\u00f3n y muchos valores para fortalecer en este contexto que es tan imprescindible\u201d<\/p>\n<p>Pastore resalt\u00f3 la funci\u00f3n que cumplen las cooperativas en un contexto atravesado por la crisis. \u201cLas cooperativas estamos logrando, ante esta situaci\u00f3n, generar trabajo, producci\u00f3n y, por sobre todas las cosas, espacios de contenci\u00f3n porque el sustento de la vida no es solamente el alimento y esto los que trabajamos en lo cultural lo sabemos\u201d, dijo.<\/p>\n<p>\u201cEntonces, tambi\u00e9n es generar ese espacio de contenci\u00f3n para todas y todos aquellos que muchas veces se est\u00e1n quedando afuera de este sistema; un poco el cooperativismo es en respuesta a eso. El cooperativismo tiene valores y principios, justamente montados en la solidaridad, en el apoyo mutuo, en el trabajo y en dignificar esos lugares y por sobre todas las cosas en generar acciones hacia la sociedad o la comunidad en la que est\u00e1 inserto\u201d, agreg\u00f3 Pastore.<\/p>\n<p>Respecto al evento del s\u00e1bado, el referente resalt\u00f3 que \u201clo que queremos mostrar en esta actividad es eso justamente, qu\u00e9 se est\u00e1 haciendo hoy en este contexto, donde hay una crisis del trabajo, una crisis del ambiente, una crisis de las finanzas y por sobre todas las cosas una crisis de valores de la humanidad\u201d<\/p>\n","protected":false},"excerpt":{"rendered":"<p>El 6 de julio se celebra el D\u00eda Internacional de las Cooperativas y en este marco habr\u00e1 actividades feriales y<\/p>\n","protected":false},"author":2,"featured_media":16451,"comment_status":"closed","ping_status":"closed","sticky":false,"template":"","format":"standard","meta":{"footnotes":"","jetpack_publicize_message":"","jetpack_publicize_feature_enabled":true,"jetpack_social_post_already_shared":true,"jetpack_social_options":{"image_generator_settings":{"template":"highway","enabled":false},"version":2}},"categories":[3],"tags":[],"class_list":["post-16450","post","type-post","status-publish","format-standard","has-post-thumbnail","hentry","category-sociedad"],"jetpack_publicize_connections":[],"_links":{"self":[{"href":"https:\/\/diariorepublica.com.ar\/web\/index.php\/wp-json\/wp\/v2\/posts\/16450"}],"collection":[{"href":"https:\/\/diariorepublica.com.ar\/web\/index.php\/wp-json\/wp\/v2\/posts"}],"about":[{"href":"https:\/\/diariorepublica.com.ar\/web\/index.php\/wp-json\/wp\/v2\/types\/post"}],"author":[{"embeddable":true,"href":"https:\/\/diariorepublica.com.ar\/web\/index.php\/wp-json\/wp\/v2\/users\/2"}],"replies":[{"embeddable":true,"href":"https:\/\/diariorepublica.com.ar\/web\/index.php\/wp-json\/wp\/v2\/comments?post=16450"}],"version-history":[{"count":1,"href":"https:\/\/diariorepublica.com.ar\/web\/index.php\/wp-json\/wp\/v2\/posts\/16450\/revisions"}],"predecessor-version":[{"id":16452,"href":"https:\/\/diariorepublica.com.ar\/web\/index.php\/wp-json\/wp\/v2\/posts\/16450\/revisions\/16452"}],"wp:featuredmedia":[{"embeddable":true,"href":"https:\/\/diariorepublica.com.ar\/web\/index.php\/wp-json\/wp\/v2\/media\/16451"}],"wp:attachment":[{"href":"https:\/\/diariorepublica.com.ar\/web\/index.php\/wp-json\/wp\/v2\/media?parent=16450"}],"wp:term":[{"taxonomy":"category","embeddable":true,"href":"https:\/\/diariorepublica.com.ar\/web\/index.php\/wp-json\/wp\/v2\/categories?post=16450"},{"taxonomy":"post_tag","embeddable":true,"href":"https:\/\/diariorepublica.com.ar\/web\/index.php\/wp-json\/wp\/v2\/tags?post=16450"}],"curies":[{"name":"wp","href":"https:\/\/api.w.org\/{rel}","templated":true}]}}