{"id":16516,"date":"2024-07-10T07:26:00","date_gmt":"2024-07-10T10:26:00","guid":{"rendered":"https:\/\/diariorepublica.com.ar\/web\/?p=16516"},"modified":"2024-07-10T08:27:39","modified_gmt":"2024-07-10T11:27:39","slug":"di-maria-no-estoy-preparado-para-mi-ultimo-partido-en-la-seleccion-pero-ya-es-el-momento","status":"publish","type":"post","link":"https:\/\/diariorepublica.com.ar\/web\/index.php\/deportes\/2024\/07\/10\/di-maria-no-estoy-preparado-para-mi-ultimo-partido-en-la-seleccion-pero-ya-es-el-momento\/","title":{"rendered":"Di Mar\u00eda: \u201cNo estoy preparado para mi \u00faltimo partido en la Selecci\u00f3n, pero ya es el momento\u201d"},"content":{"rendered":"<p>El delantero de la Selecci\u00f3n argentina \u00c1ngel Di Mar\u00eda, que fue una de las figuras de la semifinal de Copa Am\u00e9rica ante Canad\u00e1, confes\u00f3: \u201cNo estoy preparado para mi \u00faltimo partido, pero ya es el momento\u201d.<\/p>\n<p>El todav\u00eda jugador del Benfica hab\u00eda anunciado su retiro de la Selecci\u00f3n, por lo que la final del domingo ser\u00e1 el \u00faltimo en el que vista la celeste y blanca.<\/p>\n<p>\u201cPase lo que pase en la final, creo que puedo salir por la puerta grande. Lo di todo\u201d, analiz\u00f3, y agreg\u00f3: \u201cSiempre di mi vida por esta camiseta. Hubo momentos en los que no pude, pero \u00faltimamente s\u00ed. Agradezco a todos lo que me apoyaron\u201d.<\/p>\n<p>Di Mar\u00eda fue fundamental en todas las finales en las que la Argentina se qued\u00f3 con el t\u00edtulo. En la Copa Am\u00e9rica 2021 hizo el \u00fanico tanto ante Brasil en el Maracan\u00e1 para cortar con la sequ\u00eda de 28 a\u00f1os sin conquistas, en la Finalissima 2022 anot\u00f3 el 2-0 frente a Italia y en el Mundial de Qatar 2022 marc\u00f3 el 2\u20130 provisorio contra Francia, en uno de los goles m\u00e1s lindos de los que se tenga registro en finales de mundiales.<\/p>\n<p>Adem\u00e1s, hay que agregarle el gol en el triunfo por 1 a 0 frente a Nigeria en la final de los Juegos Ol\u00edmpicos de Beijing 2008, donde el elenco nacional se colg\u00f3 por segunda vez consecutiva la medalla dorada.<\/p>\n<p>En esta Copa Am\u00e9rica viene teniendo un rol fundamental, destac\u00e1ndose siempre que le toc\u00f3 entrar, y fue clave en la delantera para el triunfo de la Selecci\u00f3n por 2-0 ante su par canadiense gracias a sus combinaciones constantes con Lionel Messi y los pases en profundidad a Juli\u00e1n \u00c1lvarez.<\/p>\n<p>Es por esto que todo parece indicar que Di Mar\u00eda estar\u00eda desde el arranque en su \u00faltimo partido con el combinado nacional.<\/p>\n<p>El extremo surgido en Rosario Central tambi\u00e9n se destac\u00f3 en las divisiones juveniles del combinado nacional, con el que gan\u00f3 el Mundial Sub-20 de 2007 y los Juegos Ol\u00edmpicos de Beijing 2008.<\/p>\n<p>A lo largo de su trayectoria con la Selecci\u00f3n argentina, Di Mar\u00eda hizo 31 goles y reparti\u00f3 30 asistencias.<\/p>\n<p>Pese a que su retiro de la Selecci\u00f3n parece una decisi\u00f3n tomada, el director t\u00e9cnico Lionel Scaloni destac\u00f3 que \u201chay que disfrutarlo\u201d y sembr\u00f3 esperanza: \u201cVeremos si podemos convencerlo\u201d para que siga.<\/p>\n","protected":false},"excerpt":{"rendered":"<p>El delantero de la Selecci\u00f3n argentina \u00c1ngel Di Mar\u00eda, que fue una de las figuras de la semifinal de Copa<\/p>\n","protected":false},"author":1,"featured_media":16517,"comment_status":"closed","ping_status":"closed","sticky":false,"template":"","format":"standard","meta":{"footnotes":"","jetpack_publicize_message":"","jetpack_publicize_feature_enabled":true,"jetpack_social_post_already_shared":true,"jetpack_social_options":{"image_generator_settings":{"template":"highway","enabled":false},"version":2}},"categories":[9],"tags":[],"class_list":["post-16516","post","type-post","status-publish","format-standard","has-post-thumbnail","hentry","category-deportes"],"jetpack_publicize_connections":[],"_links":{"self":[{"href":"https:\/\/diariorepublica.com.ar\/web\/index.php\/wp-json\/wp\/v2\/posts\/16516"}],"collection":[{"href":"https:\/\/diariorepublica.com.ar\/web\/index.php\/wp-json\/wp\/v2\/posts"}],"about":[{"href":"https:\/\/diariorepublica.com.ar\/web\/index.php\/wp-json\/wp\/v2\/types\/post"}],"author":[{"embeddable":true,"href":"https:\/\/diariorepublica.com.ar\/web\/index.php\/wp-json\/wp\/v2\/users\/1"}],"replies":[{"embeddable":true,"href":"https:\/\/diariorepublica.com.ar\/web\/index.php\/wp-json\/wp\/v2\/comments?post=16516"}],"version-history":[{"count":1,"href":"https:\/\/diariorepublica.com.ar\/web\/index.php\/wp-json\/wp\/v2\/posts\/16516\/revisions"}],"predecessor-version":[{"id":16518,"href":"https:\/\/diariorepublica.com.ar\/web\/index.php\/wp-json\/wp\/v2\/posts\/16516\/revisions\/16518"}],"wp:featuredmedia":[{"embeddable":true,"href":"https:\/\/diariorepublica.com.ar\/web\/index.php\/wp-json\/wp\/v2\/media\/16517"}],"wp:attachment":[{"href":"https:\/\/diariorepublica.com.ar\/web\/index.php\/wp-json\/wp\/v2\/media?parent=16516"}],"wp:term":[{"taxonomy":"category","embeddable":true,"href":"https:\/\/diariorepublica.com.ar\/web\/index.php\/wp-json\/wp\/v2\/categories?post=16516"},{"taxonomy":"post_tag","embeddable":true,"href":"https:\/\/diariorepublica.com.ar\/web\/index.php\/wp-json\/wp\/v2\/tags?post=16516"}],"curies":[{"name":"wp","href":"https:\/\/api.w.org\/{rel}","templated":true}]}}