{"id":16529,"date":"2024-07-10T07:49:00","date_gmt":"2024-07-10T10:49:00","guid":{"rendered":"https:\/\/diariorepublica.com.ar\/web\/?p=16529"},"modified":"2024-07-10T10:50:33","modified_gmt":"2024-07-10T13:50:33","slug":"en-la-celebracion-del-aniversario-de-la-independencia-raul-convoco-a-un-pacto-catamarqueno-en-agosto","status":"publish","type":"post","link":"https:\/\/diariorepublica.com.ar\/web\/index.php\/politica\/2024\/07\/10\/en-la-celebracion-del-aniversario-de-la-independencia-raul-convoco-a-un-pacto-catamarqueno-en-agosto\/","title":{"rendered":"En la celebraci\u00f3n del aniversario de la Independencia, Ra\u00fal convoc\u00f3 a un Pacto Catamarque\u00f1o en agosto"},"content":{"rendered":"<p>El gobernador Ra\u00fal Jalil, junto al intendente de Santa Rosa, Mario P\u00e1ez, encabez\u00f3 el acto central por el 208\u00b0 aniversario de la Independencia Argentina que se realiz\u00f3 en la localidad de Ba\u00f1ado de Ovanta, en el departamento Santa Rosa. Durante su discurso efectu\u00f3 la convocatoria a un Pacto Catamarque\u00f1o a rubricarse de agosto, ocasi\u00f3n de celebrarse un nuevo aniversario de la Autonom\u00eda de Catamarca.<\/p>\n<p>La ceremonia que se llev\u00f3 a cabo en horas de la ma\u00f1ana cont\u00f3 con la presencia de casi todo el Gabinete provincial, en una muestra m\u00e1s de la mirada hacia el interior profundo que mantiene la actual gesti\u00f3n de gobierno.<\/p>\n<p>El mandatario provincial anunci\u00f3 que promover\u00e1 un acuerdo que defina y exprese las aspiraciones en pol\u00edticas p\u00fablicas que necesita Catamarca para las futuras generaciones: \u201cEs un d\u00eda importante por lo que hemos firmado anoche los 18 gobernadores con el Presidente de la Naci\u00f3n. Por ello, propongo que tambi\u00e9n nosotros tenemos que trabajar en un pacto para el mes de agosto, en el D\u00eda de la Autonom\u00eda de Catamarca, que determine las pol\u00edticas p\u00fablicas que necesita Catamarca para los pr\u00f3ximos 100 a\u00f1os y donde se refleje la miner\u00eda y el control ambiental, social y econom\u00eda de esta actividad, como tambi\u00e9n el turismo que es un aspecto que est\u00e1 creciendo en esta provincia\u201d, afirm\u00f3 Ra\u00fal.<\/p>\n<p>El Gobernador agradeci\u00f3 a la comunidad santarrose\u00f1a por el acompa\u00f1amiento y se\u00f1al\u00f3 que \u201ccuando miro a los ni\u00f1os, los docentes, a la polic\u00eda y sobre todo a los ciudadanos de Santa Rosa es para decirle que hay una mirada muy importante del Gobierno provincial hacia el interior y trabajamos permanentemente para traer soluciones. El intendente nos pidi\u00f3 viviendas y un polideportivo, por ello le hemos pedido que presente los proyectos al respecto para avanzar en su concreci\u00f3n\u201d.<\/p>\n<p>Por su parte, el intendente de Santa Rosa, Mario P\u00e1ez, destac\u00f3 el hecho hist\u00f3rico de celebrar la fecha patria en su jurisdicci\u00f3n, con la presencia de las principales autoridades provinciales, y sostuvo que \u201cesta fecha nos invita a la reflexi\u00f3n y a la manifestaci\u00f3n de ideales patri\u00f3ticos que est\u00e1n \u00edntimamente ligados a ciertos valores que nos acompa\u00f1an diariamente como es la libertad, la soberan\u00eda e igualdad\u201d.<\/p>\n<p>Previo al acto, Ra\u00fal y el intendente P\u00e1ez realizaron un recorrido por la obra del nuevo palacio municipal que se est\u00e1 construyendo a pocos metros de la plaza y se prev\u00e9 que est\u00e9 finalizada en los pr\u00f3ximos meses.<\/p>\n<p>Acompa\u00f1aron en el acto central los ministros de Gobierno, Justicia y Derechos Humanos, Fernando \u00c1vila; de Econom\u00eda, Alejandra Nazareno; de Trabajo, Planificaci\u00f3n y Recursos Humanos, Ver\u00f3nica Soria; de Inclusi\u00f3n Digital y Sistemas Productivos, Juan Cruz Miranda; de Seguridad, Fabiola Segura; de Educaci\u00f3n, Dalmacio Mera; adem\u00e1s de los intendentes de Pacl\u00edn, Eduardo Menecier; de Los Altos, Ra\u00fal Barot, entre otras autoridades y comunidad en general.<\/p>\n","protected":false},"excerpt":{"rendered":"<p>El gobernador Ra\u00fal Jalil, junto al intendente de Santa Rosa, Mario P\u00e1ez, encabez\u00f3 el acto central por el 208\u00b0 aniversario<\/p>\n","protected":false},"author":1,"featured_media":16530,"comment_status":"closed","ping_status":"closed","sticky":false,"template":"","format":"standard","meta":{"footnotes":"","jetpack_publicize_message":"","jetpack_publicize_feature_enabled":true,"jetpack_social_post_already_shared":true,"jetpack_social_options":{"image_generator_settings":{"template":"highway","enabled":false},"version":2}},"categories":[12],"tags":[],"class_list":["post-16529","post","type-post","status-publish","format-standard","has-post-thumbnail","hentry","category-politica"],"jetpack_publicize_connections":[],"_links":{"self":[{"href":"https:\/\/diariorepublica.com.ar\/web\/index.php\/wp-json\/wp\/v2\/posts\/16529"}],"collection":[{"href":"https:\/\/diariorepublica.com.ar\/web\/index.php\/wp-json\/wp\/v2\/posts"}],"about":[{"href":"https:\/\/diariorepublica.com.ar\/web\/index.php\/wp-json\/wp\/v2\/types\/post"}],"author":[{"embeddable":true,"href":"https:\/\/diariorepublica.com.ar\/web\/index.php\/wp-json\/wp\/v2\/users\/1"}],"replies":[{"embeddable":true,"href":"https:\/\/diariorepublica.com.ar\/web\/index.php\/wp-json\/wp\/v2\/comments?post=16529"}],"version-history":[{"count":1,"href":"https:\/\/diariorepublica.com.ar\/web\/index.php\/wp-json\/wp\/v2\/posts\/16529\/revisions"}],"predecessor-version":[{"id":16531,"href":"https:\/\/diariorepublica.com.ar\/web\/index.php\/wp-json\/wp\/v2\/posts\/16529\/revisions\/16531"}],"wp:featuredmedia":[{"embeddable":true,"href":"https:\/\/diariorepublica.com.ar\/web\/index.php\/wp-json\/wp\/v2\/media\/16530"}],"wp:attachment":[{"href":"https:\/\/diariorepublica.com.ar\/web\/index.php\/wp-json\/wp\/v2\/media?parent=16529"}],"wp:term":[{"taxonomy":"category","embeddable":true,"href":"https:\/\/diariorepublica.com.ar\/web\/index.php\/wp-json\/wp\/v2\/categories?post=16529"},{"taxonomy":"post_tag","embeddable":true,"href":"https:\/\/diariorepublica.com.ar\/web\/index.php\/wp-json\/wp\/v2\/tags?post=16529"}],"curies":[{"name":"wp","href":"https:\/\/api.w.org\/{rel}","templated":true}]}}