{"id":16538,"date":"2024-07-11T07:48:15","date_gmt":"2024-07-11T10:48:15","guid":{"rendered":"https:\/\/diariorepublica.com.ar\/web\/?p=16538"},"modified":"2024-07-11T07:48:16","modified_gmt":"2024-07-11T10:48:16","slug":"para-la-oposicion-el-pacto-de-agosto-es-una-zanahoria-de-plastico","status":"publish","type":"post","link":"https:\/\/diariorepublica.com.ar\/web\/index.php\/politica\/2024\/07\/11\/para-la-oposicion-el-pacto-de-agosto-es-una-zanahoria-de-plastico\/","title":{"rendered":"<strong>Para la oposici\u00f3n, el Pacto de Agosto es \u00bbuna zanahoria de pl\u00e1stico\u00bb<\/strong>"},"content":{"rendered":"<p>La oposici\u00f3n local se mostr\u00f3 cr\u00edtica de la convocatoria del gobernador Ra\u00fal Jalil a firmar un \u201cPacto de Agosto\u201d para \u201cdeterminar las pol\u00edticas p\u00fablicas para los pr\u00f3ximos 100 a\u00f1os\u201d. En este sentido, desde la UCR y el PRO, plantearon que se trata de una \u201czanahoria de pl\u00e1stico\u201d o \u201cun mensaje sin contenido\u201d<\/p>\n<p>El presidente de la UCR local, Alfredo Marchioli afirm\u00f3 que el Gobernador \u201cse contagia mucho de (el presidente Javier) Milei\u201d y que \u201cha hecho lo mismo en Catamarca con las tarifas el\u00e9ctricas, del agua y el impuestazo\u201d.<\/p>\n<p>Refiri\u00e9ndose espec\u00edficamente al Pacto, el legislador afirm\u00f3 que el Gobernador \u201cno deja de ser una persona que muchas veces ha realizado anuncios en los medios de comunicaci\u00f3n que son zanahoria de pl\u00e1stico\u201d. En esta l\u00ednea, record\u00f3 que \u201csiempre plantea el tema de la reforma de la Constituci\u00f3n, cuando hay discusiones pol\u00edticas que lo afectan o se hacen visibles ciertas deficiencias de su gesti\u00f3n\u201d.<\/p>\n<p>Por su parte, el diputado Tiago Puente tambi\u00e9n se mostr\u00f3 cr\u00edtico con la convocatoria de Jalil. \u201c\u00bfJalil llamando a un pacto? Despu\u00e9s de vaciar la Provincia a la par que se fue enriqueciendo directa o indirectamente a trav\u00e9s de sus emprendimientos y los de su familia. Lo sabemos todos los catamarque\u00f1os, los conocemos y sabemos qu\u00e9 decisiones tom\u00f3 para ayudarse a \u00e9l mismo y a su grupito\u201d, poste\u00f3 en sus redes sociales.<\/p>\n<p>Finalmente, el ex diputado y actual presidente del PRO, Diego Figueroa, tambi\u00e9n cuestion\u00f3 la convocatoria al sostener que \u201cel Gobernador se quiere calzar la peluca\u201d y que \u201cpacto hace el que puede y no el que quiere\u201d. En este sentido, el referente indic\u00f3 que \u201cJalil est\u00e1 de prestado por el peronismo que le prest\u00f3 los votos para poder primero ser intendente y luego Gobernador\u201d.<\/p>\n","protected":false},"excerpt":{"rendered":"<p>La oposici\u00f3n local se mostr\u00f3 cr\u00edtica de la convocatoria del gobernador Ra\u00fal Jalil a firmar un \u201cPacto de Agosto\u201d para<\/p>\n","protected":false},"author":2,"featured_media":16539,"comment_status":"closed","ping_status":"closed","sticky":false,"template":"","format":"standard","meta":{"footnotes":"","jetpack_publicize_message":"","jetpack_publicize_feature_enabled":true,"jetpack_social_post_already_shared":true,"jetpack_social_options":{"image_generator_settings":{"template":"highway","enabled":false},"version":2}},"categories":[12],"tags":[],"class_list":["post-16538","post","type-post","status-publish","format-standard","has-post-thumbnail","hentry","category-politica"],"jetpack_publicize_connections":[],"_links":{"self":[{"href":"https:\/\/diariorepublica.com.ar\/web\/index.php\/wp-json\/wp\/v2\/posts\/16538"}],"collection":[{"href":"https:\/\/diariorepublica.com.ar\/web\/index.php\/wp-json\/wp\/v2\/posts"}],"about":[{"href":"https:\/\/diariorepublica.com.ar\/web\/index.php\/wp-json\/wp\/v2\/types\/post"}],"author":[{"embeddable":true,"href":"https:\/\/diariorepublica.com.ar\/web\/index.php\/wp-json\/wp\/v2\/users\/2"}],"replies":[{"embeddable":true,"href":"https:\/\/diariorepublica.com.ar\/web\/index.php\/wp-json\/wp\/v2\/comments?post=16538"}],"version-history":[{"count":1,"href":"https:\/\/diariorepublica.com.ar\/web\/index.php\/wp-json\/wp\/v2\/posts\/16538\/revisions"}],"predecessor-version":[{"id":16540,"href":"https:\/\/diariorepublica.com.ar\/web\/index.php\/wp-json\/wp\/v2\/posts\/16538\/revisions\/16540"}],"wp:featuredmedia":[{"embeddable":true,"href":"https:\/\/diariorepublica.com.ar\/web\/index.php\/wp-json\/wp\/v2\/media\/16539"}],"wp:attachment":[{"href":"https:\/\/diariorepublica.com.ar\/web\/index.php\/wp-json\/wp\/v2\/media?parent=16538"}],"wp:term":[{"taxonomy":"category","embeddable":true,"href":"https:\/\/diariorepublica.com.ar\/web\/index.php\/wp-json\/wp\/v2\/categories?post=16538"},{"taxonomy":"post_tag","embeddable":true,"href":"https:\/\/diariorepublica.com.ar\/web\/index.php\/wp-json\/wp\/v2\/tags?post=16538"}],"curies":[{"name":"wp","href":"https:\/\/api.w.org\/{rel}","templated":true}]}}