{"id":16541,"date":"2024-07-11T07:56:05","date_gmt":"2024-07-11T10:56:05","guid":{"rendered":"https:\/\/diariorepublica.com.ar\/web\/?p=16541"},"modified":"2024-07-11T07:56:07","modified_gmt":"2024-07-11T10:56:07","slug":"se-debatira-en-catamarca-cual-es-el-futuro-del-litio-para-la-region-mercosur","status":"publish","type":"post","link":"https:\/\/diariorepublica.com.ar\/web\/index.php\/locales\/2024\/07\/11\/se-debatira-en-catamarca-cual-es-el-futuro-del-litio-para-la-region-mercosur\/","title":{"rendered":"<strong>Se debatir\u00e1 en Catamarca cu\u00e1l es el futuro del litio para la regi\u00f3n Mercosur<\/strong>"},"content":{"rendered":"<p>La presidenta de la empresa CAMYEN, Susana Peralta, se refiri\u00f3 a un evento que se realizar\u00e1 el viernes pr\u00f3ximo en el que se debatir\u00e1 sobre la transici\u00f3n energ\u00e9tica a nivel regional y contar\u00e1 con la presencia de parlamentarios del Mercosur. En declaraciones radiales, expres\u00f3 que el evento regional tiene por objeto poner en discusi\u00f3n si Argentina ser\u00e1 productora de carbonato de litio o intentar\u00e1 ir m\u00e1s all\u00e1 en la cadena de valor del oro blanco.<\/p>\n<p>El Foro debatir\u00e1 acerca de la transici\u00f3n energ\u00e9tica para la integraci\u00f3n regional y contar\u00e1 con la presencia de parlamentarios del Mercosur, disertantes del Programa de Naciones Unidas para el Desarrollo (PNUD), del CONICET, UNCA y tambi\u00e9n del Ministerio de Miner\u00eda.<\/p>\n<p>\u00abLo que queremos es encarar el tema de la transici\u00f3n energ\u00e9tica como bloque Mercosur. Nosotros trabajamos obviamente por la regi\u00f3n, desde el Parlasur, as\u00ed que queremos encarar como bloque para ver justamente, d\u00f3nde nos insertamos cada uno en la cadena de valor para hacerlo de manera estrat\u00e9gica y coordinada\u00bb, explic\u00f3 Peralta<\/p>\n","protected":false},"excerpt":{"rendered":"<p>La presidenta de la empresa CAMYEN, Susana Peralta, se refiri\u00f3 a un evento que se realizar\u00e1 el viernes pr\u00f3ximo en<\/p>\n","protected":false},"author":2,"featured_media":16542,"comment_status":"closed","ping_status":"closed","sticky":false,"template":"","format":"standard","meta":{"footnotes":"","jetpack_publicize_message":"","jetpack_publicize_feature_enabled":true,"jetpack_social_post_already_shared":true,"jetpack_social_options":{"image_generator_settings":{"template":"highway","enabled":false},"version":2}},"categories":[2],"tags":[],"class_list":["post-16541","post","type-post","status-publish","format-standard","has-post-thumbnail","hentry","category-locales"],"jetpack_publicize_connections":[],"_links":{"self":[{"href":"https:\/\/diariorepublica.com.ar\/web\/index.php\/wp-json\/wp\/v2\/posts\/16541"}],"collection":[{"href":"https:\/\/diariorepublica.com.ar\/web\/index.php\/wp-json\/wp\/v2\/posts"}],"about":[{"href":"https:\/\/diariorepublica.com.ar\/web\/index.php\/wp-json\/wp\/v2\/types\/post"}],"author":[{"embeddable":true,"href":"https:\/\/diariorepublica.com.ar\/web\/index.php\/wp-json\/wp\/v2\/users\/2"}],"replies":[{"embeddable":true,"href":"https:\/\/diariorepublica.com.ar\/web\/index.php\/wp-json\/wp\/v2\/comments?post=16541"}],"version-history":[{"count":1,"href":"https:\/\/diariorepublica.com.ar\/web\/index.php\/wp-json\/wp\/v2\/posts\/16541\/revisions"}],"predecessor-version":[{"id":16543,"href":"https:\/\/diariorepublica.com.ar\/web\/index.php\/wp-json\/wp\/v2\/posts\/16541\/revisions\/16543"}],"wp:featuredmedia":[{"embeddable":true,"href":"https:\/\/diariorepublica.com.ar\/web\/index.php\/wp-json\/wp\/v2\/media\/16542"}],"wp:attachment":[{"href":"https:\/\/diariorepublica.com.ar\/web\/index.php\/wp-json\/wp\/v2\/media?parent=16541"}],"wp:term":[{"taxonomy":"category","embeddable":true,"href":"https:\/\/diariorepublica.com.ar\/web\/index.php\/wp-json\/wp\/v2\/categories?post=16541"},{"taxonomy":"post_tag","embeddable":true,"href":"https:\/\/diariorepublica.com.ar\/web\/index.php\/wp-json\/wp\/v2\/tags?post=16541"}],"curies":[{"name":"wp","href":"https:\/\/api.w.org\/{rel}","templated":true}]}}