{"id":16553,"date":"2024-07-11T08:03:54","date_gmt":"2024-07-11T11:03:54","guid":{"rendered":"https:\/\/diariorepublica.com.ar\/web\/?p=16553"},"modified":"2024-07-11T08:03:56","modified_gmt":"2024-07-11T11:03:56","slug":"emision-de-licencias-en-el-poncho","status":"publish","type":"post","link":"https:\/\/diariorepublica.com.ar\/web\/index.php\/sociedad\/2024\/07\/11\/emision-de-licencias-en-el-poncho\/","title":{"rendered":"<strong>Emisi\u00f3n de licencias en el Poncho<\/strong>"},"content":{"rendered":"<p>M\u00f3nica \u00c1valos, directora del centro de Emisi\u00f3n de Licencias de la Municipalidad de la Capital, coment\u00f3 que contin\u00faan trabajando durante el receso invernal en las instalaciones del Centro como en la Fiesta del Poncho.<\/p>\n<p>Avalos destac\u00f3 que este ser\u00e1 el tercer a\u00f1o consecutivo que participan de la Fiesta Nacional e Internacional del Poncho, que \u201ces donde vamos a hacer licencias de conducir, tr\u00e1mites de renovaci\u00f3n y duplicado para la ciudadan\u00eda de San Fernando\u201d y a\u00f1adi\u00f3 que \u201ca los turistas que nos visitan en caso de extrav\u00edo de su licencia, vamos a estar dando soluciones este a\u00f1o tambi\u00e9n con una reimpresi\u00f3n de pl\u00e1stico que tiene una validez de 20 d\u00edas, hasta que ellos puedan retornar a sus hogares y solucionar as\u00ed cualquier p\u00e9rdida de licencia de conducir que pudiera tener\u201d.<\/p>\n","protected":false},"excerpt":{"rendered":"<p>M\u00f3nica \u00c1valos, directora del centro de Emisi\u00f3n de Licencias de la Municipalidad de la Capital, coment\u00f3 que contin\u00faan trabajando durante<\/p>\n","protected":false},"author":2,"featured_media":16555,"comment_status":"closed","ping_status":"closed","sticky":false,"template":"","format":"standard","meta":{"footnotes":"","jetpack_publicize_message":"","jetpack_publicize_feature_enabled":true,"jetpack_social_post_already_shared":true,"jetpack_social_options":{"image_generator_settings":{"template":"highway","enabled":false},"version":2}},"categories":[3],"tags":[],"class_list":["post-16553","post","type-post","status-publish","format-standard","has-post-thumbnail","hentry","category-sociedad"],"jetpack_publicize_connections":[],"_links":{"self":[{"href":"https:\/\/diariorepublica.com.ar\/web\/index.php\/wp-json\/wp\/v2\/posts\/16553"}],"collection":[{"href":"https:\/\/diariorepublica.com.ar\/web\/index.php\/wp-json\/wp\/v2\/posts"}],"about":[{"href":"https:\/\/diariorepublica.com.ar\/web\/index.php\/wp-json\/wp\/v2\/types\/post"}],"author":[{"embeddable":true,"href":"https:\/\/diariorepublica.com.ar\/web\/index.php\/wp-json\/wp\/v2\/users\/2"}],"replies":[{"embeddable":true,"href":"https:\/\/diariorepublica.com.ar\/web\/index.php\/wp-json\/wp\/v2\/comments?post=16553"}],"version-history":[{"count":1,"href":"https:\/\/diariorepublica.com.ar\/web\/index.php\/wp-json\/wp\/v2\/posts\/16553\/revisions"}],"predecessor-version":[{"id":16556,"href":"https:\/\/diariorepublica.com.ar\/web\/index.php\/wp-json\/wp\/v2\/posts\/16553\/revisions\/16556"}],"wp:featuredmedia":[{"embeddable":true,"href":"https:\/\/diariorepublica.com.ar\/web\/index.php\/wp-json\/wp\/v2\/media\/16555"}],"wp:attachment":[{"href":"https:\/\/diariorepublica.com.ar\/web\/index.php\/wp-json\/wp\/v2\/media?parent=16553"}],"wp:term":[{"taxonomy":"category","embeddable":true,"href":"https:\/\/diariorepublica.com.ar\/web\/index.php\/wp-json\/wp\/v2\/categories?post=16553"},{"taxonomy":"post_tag","embeddable":true,"href":"https:\/\/diariorepublica.com.ar\/web\/index.php\/wp-json\/wp\/v2\/tags?post=16553"}],"curies":[{"name":"wp","href":"https:\/\/api.w.org\/{rel}","templated":true}]}}