{"id":16699,"date":"2024-07-16T07:59:53","date_gmt":"2024-07-16T10:59:53","guid":{"rendered":"https:\/\/diariorepublica.com.ar\/web\/?p=16699"},"modified":"2024-07-16T07:59:54","modified_gmt":"2024-07-16T10:59:54","slug":"balance-positivo-tras-el-primer-fin-de-semana-del-poncho","status":"publish","type":"post","link":"https:\/\/diariorepublica.com.ar\/web\/index.php\/sociedad\/2024\/07\/16\/balance-positivo-tras-el-primer-fin-de-semana-del-poncho\/","title":{"rendered":"Balance positivo tras el primer fin de semana del Poncho"},"content":{"rendered":"<p>Un primer balance respecto a la llegada de turistas a la provincia con motivo de las vacaciones de invierno y particularmente la 53\u00ba Fiesta Nacional e Internacional del Poncho, arroj\u00f3 resultados altamente positivos.<\/p>\n<p>Aunque el n\u00famero sobre la cantidad de visitantes se dar\u00e1 a conocer al final de la fiesta, desde la Direcci\u00f3n de Calidad Tur\u00edstica del Ministerio de Cultura, Turismo y Deporte se trabaja en un minucioso trabajo de relevamiento, aplicando una nueva metodolog\u00eda de medici\u00f3n que triangula las c\u00e1maras del 911 apostadas en el Predio, sistemas de conteo de aforo en dos de los pabellones de exposiciones y encuestas de perfil de visitantes, en la que trabajan estudiantes de Turismo del IES Chavarr\u00eda y que procesar\u00e1n estudiantes y profesionales de la Facultad de Ciencias Exactas de la UNCa.<\/p>\n<p>Gonzalo Nieto, director de Calidad Tur\u00edstica de la provincia, coment\u00f3: \u00abEstamos muy contentos la verdad por lo que se va dando hasta la fecha. Estamos midiendo el perfil del visitante, como la satisfacci\u00f3n del evento, empezamos a detectar cu\u00e1les son las procedencias y la verdad es que nos sorprende la llegada de gente de Estados Unidos, Brasil, Uruguay\u00bb, dijo.<\/p>\n<p>Nuevas metodolog\u00edas<\/p>\n<p>Respecto a la metodolog\u00eda de medici\u00f3n que emplean este a\u00f1o, Nieto se\u00f1al\u00f3 que \u00aben primer lugar trabajamos con la Polic\u00eda de la Provincia a trav\u00e9s de las c\u00e1maras del 911 del SAE, realizamos el conteo de aforo a trav\u00e9s de c\u00e1maras duales, se trata de un nuevo sistema de conteo que toma el reconocimiento facial de las personas. Aparte trabajamos con encuestadores, en lo que es la ocupaci\u00f3n hotelera. Tambi\u00e9n sumar que la polic\u00eda est\u00e1 haciendo encuestas y relevamientos en camineras de arribo\u00bb, dijo.<\/p>\n<p>En este sentido, destac\u00f3 que se trata de un sistema interinstitucional triangulado con todas la metodolog\u00edas, \u00abpara que tengamos certezas y fundamentos m\u00e1s all\u00e1 de los resultados finales que tengamos\u00bb, manifest\u00f3.<\/p>\n<p>Primeras tendencias<\/p>\n<p>El director de Calidad Tur\u00edstica de Catamarca, agreg\u00f3 que una primera tendencia \u00abest\u00e1 marcando que m\u00e1s del 50% de turistas llegan a la provincia especialmente por la Fiesta del Poncho. En la encuesta de perfil y satisfacci\u00f3n que nosotros vamos realizando nos se\u00f1ala los gustos y preferencias que tiene un turista en la fiesta, qu\u00e9 es lo que busca, qu\u00e9 es lo que compra, as\u00ed que quiz\u00e1s tengamos un estimativo de lo que busca el turista, los gastos que tengan, el impacto econ\u00f3mico y el volumen de venta tambi\u00e9n de los artesanos\u00bb, dijo.<\/p>\n<p>Llegada de turistas<\/p>\n<p>De Provincia de Buenos, C\u00f3rdoba, Santa Fe, La Rioja, Tucum\u00e1n, Entre R\u00edos, Chaco, Formosa y Mendoza era la procedencia de la mayor\u00eda de los turistas encuestados, aunque tambi\u00e9n se relevaron turistas extranjeros, de M\u00e9xico, Estados Unidos, Brasil, Uruguay y Polonia.<\/p>\n<p>Mart\u00edn, de San Mart\u00edn de los Andes, cont\u00f3 que es la primera vez que asiste a la muestra artesanal y al festival. \u201cTengo una novia que le encanta la Fiesta del Poncho y me ha tra\u00eddo; el recital de Destino San Javier fue muy lindo. Volver\u00eda sin dudarlo, todav\u00eda me queda mucho por recorrer y disfrutar\u201d, expres\u00f3.<\/p>\n<p>\u201cPrimera vez que venimos a este Predio, vinimos hace much\u00edsimos a\u00f1os cuando estaba en otro lugar. Este a\u00f1o volvimos, los recontra felicito, me ha sorprendido, maravillosa la forma de exponer su localidad, las exquisiteces, espectacular todo. Vinimos por el s\u00e1bado y domingo y decidimos quedarnos hasta el lunes, no conseguimos alojamiento para m\u00e1s d\u00edas\u201d, coment\u00f3 una familia de J\u00e1chal, San Juan.<\/p>\n<p>\u201cPrimera vez que vengo al Poncho, vine a Catamarca de vacaciones y me enter\u00e9 por la publicidad\u00bb, dijo Alan, de San Rafael, Mendoza<\/p>\n","protected":false},"excerpt":{"rendered":"<p>Un primer balance respecto a la llegada de turistas a la provincia con motivo de las vacaciones de invierno y<\/p>\n","protected":false},"author":2,"featured_media":16700,"comment_status":"closed","ping_status":"closed","sticky":false,"template":"","format":"standard","meta":{"footnotes":"","jetpack_publicize_message":"","jetpack_publicize_feature_enabled":true,"jetpack_social_post_already_shared":true,"jetpack_social_options":{"image_generator_settings":{"template":"highway","enabled":false},"version":2}},"categories":[3],"tags":[],"class_list":["post-16699","post","type-post","status-publish","format-standard","has-post-thumbnail","hentry","category-sociedad"],"jetpack_publicize_connections":[],"_links":{"self":[{"href":"https:\/\/diariorepublica.com.ar\/web\/index.php\/wp-json\/wp\/v2\/posts\/16699"}],"collection":[{"href":"https:\/\/diariorepublica.com.ar\/web\/index.php\/wp-json\/wp\/v2\/posts"}],"about":[{"href":"https:\/\/diariorepublica.com.ar\/web\/index.php\/wp-json\/wp\/v2\/types\/post"}],"author":[{"embeddable":true,"href":"https:\/\/diariorepublica.com.ar\/web\/index.php\/wp-json\/wp\/v2\/users\/2"}],"replies":[{"embeddable":true,"href":"https:\/\/diariorepublica.com.ar\/web\/index.php\/wp-json\/wp\/v2\/comments?post=16699"}],"version-history":[{"count":1,"href":"https:\/\/diariorepublica.com.ar\/web\/index.php\/wp-json\/wp\/v2\/posts\/16699\/revisions"}],"predecessor-version":[{"id":16701,"href":"https:\/\/diariorepublica.com.ar\/web\/index.php\/wp-json\/wp\/v2\/posts\/16699\/revisions\/16701"}],"wp:featuredmedia":[{"embeddable":true,"href":"https:\/\/diariorepublica.com.ar\/web\/index.php\/wp-json\/wp\/v2\/media\/16700"}],"wp:attachment":[{"href":"https:\/\/diariorepublica.com.ar\/web\/index.php\/wp-json\/wp\/v2\/media?parent=16699"}],"wp:term":[{"taxonomy":"category","embeddable":true,"href":"https:\/\/diariorepublica.com.ar\/web\/index.php\/wp-json\/wp\/v2\/categories?post=16699"},{"taxonomy":"post_tag","embeddable":true,"href":"https:\/\/diariorepublica.com.ar\/web\/index.php\/wp-json\/wp\/v2\/tags?post=16699"}],"curies":[{"name":"wp","href":"https:\/\/api.w.org\/{rel}","templated":true}]}}