{"id":16765,"date":"2024-07-18T07:25:46","date_gmt":"2024-07-18T10:25:46","guid":{"rendered":"https:\/\/diariorepublica.com.ar\/web\/?p=16765"},"modified":"2024-07-18T07:25:47","modified_gmt":"2024-07-18T10:25:47","slug":"catamarca-dice-presente-en-la-exposicion-agricola-ganadera-de-la-rural-de-palermo","status":"publish","type":"post","link":"https:\/\/diariorepublica.com.ar\/web\/index.php\/sociedad\/2024\/07\/18\/catamarca-dice-presente-en-la-exposicion-agricola-ganadera-de-la-rural-de-palermo\/","title":{"rendered":"<strong>Catamarca dice presente en la exposici\u00f3n agr\u00edcola\/ganadera de La Rural de Palermo<\/strong>"},"content":{"rendered":"<p>Desde hoy y hasta el 28 de julio, la provincia de Catamarca tendr\u00e1 un lugar destacado en la 136\u00ba Exposici\u00f3n Agr\u00edcola Ganadera en el Predio Rural de Palermo.<\/p>\n<p>Catamarca estar\u00e1 presente en el stand 74 A del predio, ofreciendo una variedad de propuestas: un espacio para ni\u00f1os, desfiles de textiles, charlas de productores, degustaciones, y presentaciones en vivo de artistas y artesanos.<\/p>\n<p>Habr\u00e1 m\u00e1s de 300 productos elaborados por manos catamarque\u00f1as, incluyendo dulces, vinos, productos gourmet, joyer\u00eda en piedras semipreciosas y textiles, todo acompa\u00f1ado por la c\u00e1lida hospitalidad t\u00edpica de los catamarque\u00f1os.Cada d\u00eda, adem\u00e1s, se realizar\u00e1n sorteos entre los visitantes que participen en las actividades del stand.<\/p>\n","protected":false},"excerpt":{"rendered":"<p>Desde hoy y hasta el 28 de julio, la provincia de Catamarca tendr\u00e1 un lugar destacado en la 136\u00ba Exposici\u00f3n<\/p>\n","protected":false},"author":2,"featured_media":16766,"comment_status":"closed","ping_status":"closed","sticky":false,"template":"","format":"standard","meta":{"footnotes":"","jetpack_publicize_message":"","jetpack_publicize_feature_enabled":true,"jetpack_social_post_already_shared":true,"jetpack_social_options":{"image_generator_settings":{"template":"highway","enabled":false},"version":2}},"categories":[3],"tags":[],"class_list":["post-16765","post","type-post","status-publish","format-standard","has-post-thumbnail","hentry","category-sociedad"],"jetpack_publicize_connections":[],"_links":{"self":[{"href":"https:\/\/diariorepublica.com.ar\/web\/index.php\/wp-json\/wp\/v2\/posts\/16765"}],"collection":[{"href":"https:\/\/diariorepublica.com.ar\/web\/index.php\/wp-json\/wp\/v2\/posts"}],"about":[{"href":"https:\/\/diariorepublica.com.ar\/web\/index.php\/wp-json\/wp\/v2\/types\/post"}],"author":[{"embeddable":true,"href":"https:\/\/diariorepublica.com.ar\/web\/index.php\/wp-json\/wp\/v2\/users\/2"}],"replies":[{"embeddable":true,"href":"https:\/\/diariorepublica.com.ar\/web\/index.php\/wp-json\/wp\/v2\/comments?post=16765"}],"version-history":[{"count":1,"href":"https:\/\/diariorepublica.com.ar\/web\/index.php\/wp-json\/wp\/v2\/posts\/16765\/revisions"}],"predecessor-version":[{"id":16767,"href":"https:\/\/diariorepublica.com.ar\/web\/index.php\/wp-json\/wp\/v2\/posts\/16765\/revisions\/16767"}],"wp:featuredmedia":[{"embeddable":true,"href":"https:\/\/diariorepublica.com.ar\/web\/index.php\/wp-json\/wp\/v2\/media\/16766"}],"wp:attachment":[{"href":"https:\/\/diariorepublica.com.ar\/web\/index.php\/wp-json\/wp\/v2\/media?parent=16765"}],"wp:term":[{"taxonomy":"category","embeddable":true,"href":"https:\/\/diariorepublica.com.ar\/web\/index.php\/wp-json\/wp\/v2\/categories?post=16765"},{"taxonomy":"post_tag","embeddable":true,"href":"https:\/\/diariorepublica.com.ar\/web\/index.php\/wp-json\/wp\/v2\/tags?post=16765"}],"curies":[{"name":"wp","href":"https:\/\/api.w.org\/{rel}","templated":true}]}}