{"id":16801,"date":"2024-07-22T07:55:56","date_gmt":"2024-07-22T10:55:56","guid":{"rendered":"https:\/\/diariorepublica.com.ar\/web\/?p=16801"},"modified":"2024-07-22T07:55:57","modified_gmt":"2024-07-22T10:55:57","slug":"el-ministerio-de-economia-concentra-la-administracion-de-los-fondos-y-las-compras","status":"publish","type":"post","link":"https:\/\/diariorepublica.com.ar\/web\/index.php\/politica\/2024\/07\/22\/el-ministerio-de-economia-concentra-la-administracion-de-los-fondos-y-las-compras\/","title":{"rendered":"<strong>El ministerio de Econom\u00eda concentra la administraci\u00f3n de los fondos y las compras<\/strong>"},"content":{"rendered":"<p>Mediante la Resoluci\u00f3n n\u00ba476 del Ministerio de Econom\u00eda de la Provincia se resolvi\u00f3 que, en el marco de la Emergencia Econ\u00f3mica vigente, ser\u00e1 la ministra Alejandra Nazareno la encargada de supervisar y autorizar todos los expedientes de compras de bienes de capital y los pedidos de incremento para los fondos rotatorios y fondos transitorios. Adem\u00e1s, se encarg\u00f3 a los ministerios un inventario y auditor\u00eda del uso de los bienes que tienen disponibles, con el objetivo de optimizar los recursos.<\/p>\n<p>All\u00ed se establece que \u00aben todos los tr\u00e1mites de adquisici\u00f3n de bienes de capital se deber\u00e1n enviar los pedidos, debidamente fundados con la documentaci\u00f3n correspondiente, a la titular del Ministerio de Econom\u00eda para su conocimiento y correspondiente autorizaci\u00f3n\u00bb. Adem\u00e1s, se detall\u00f3 que esta medida tambi\u00e9n se aplicar\u00e1 en todos los tr\u00e1mites de apertura y ampliaci\u00f3n de fondos rotatorios principales y especiales y de uso de fondos transitorios.<\/p>\n<p>Por \u00faltimo, se recuerda que la Ley de Emergencia le permite al Ministerio de Econom\u00eda \u00abdestinar recursos provinciales con destino espec\u00edfico o no, para uso transitorio con devoluci\u00f3n de dichos recursos en forma posterior al transcurso del ejercicio en que fue otorgado o del \u00e1mbito temporal de la presente ley, lo que resulte mayor\u00bb.<\/p>\n","protected":false},"excerpt":{"rendered":"<p>Mediante la Resoluci\u00f3n n\u00ba476 del Ministerio de Econom\u00eda de la Provincia se resolvi\u00f3 que, en el marco de la Emergencia<\/p>\n","protected":false},"author":2,"featured_media":16802,"comment_status":"closed","ping_status":"closed","sticky":false,"template":"","format":"standard","meta":{"footnotes":"","jetpack_publicize_message":"","jetpack_publicize_feature_enabled":true,"jetpack_social_post_already_shared":true,"jetpack_social_options":{"image_generator_settings":{"template":"highway","enabled":false},"version":2}},"categories":[12],"tags":[],"class_list":["post-16801","post","type-post","status-publish","format-standard","has-post-thumbnail","hentry","category-politica"],"jetpack_publicize_connections":[],"_links":{"self":[{"href":"https:\/\/diariorepublica.com.ar\/web\/index.php\/wp-json\/wp\/v2\/posts\/16801"}],"collection":[{"href":"https:\/\/diariorepublica.com.ar\/web\/index.php\/wp-json\/wp\/v2\/posts"}],"about":[{"href":"https:\/\/diariorepublica.com.ar\/web\/index.php\/wp-json\/wp\/v2\/types\/post"}],"author":[{"embeddable":true,"href":"https:\/\/diariorepublica.com.ar\/web\/index.php\/wp-json\/wp\/v2\/users\/2"}],"replies":[{"embeddable":true,"href":"https:\/\/diariorepublica.com.ar\/web\/index.php\/wp-json\/wp\/v2\/comments?post=16801"}],"version-history":[{"count":1,"href":"https:\/\/diariorepublica.com.ar\/web\/index.php\/wp-json\/wp\/v2\/posts\/16801\/revisions"}],"predecessor-version":[{"id":16803,"href":"https:\/\/diariorepublica.com.ar\/web\/index.php\/wp-json\/wp\/v2\/posts\/16801\/revisions\/16803"}],"wp:featuredmedia":[{"embeddable":true,"href":"https:\/\/diariorepublica.com.ar\/web\/index.php\/wp-json\/wp\/v2\/media\/16802"}],"wp:attachment":[{"href":"https:\/\/diariorepublica.com.ar\/web\/index.php\/wp-json\/wp\/v2\/media?parent=16801"}],"wp:term":[{"taxonomy":"category","embeddable":true,"href":"https:\/\/diariorepublica.com.ar\/web\/index.php\/wp-json\/wp\/v2\/categories?post=16801"},{"taxonomy":"post_tag","embeddable":true,"href":"https:\/\/diariorepublica.com.ar\/web\/index.php\/wp-json\/wp\/v2\/tags?post=16801"}],"curies":[{"name":"wp","href":"https:\/\/api.w.org\/{rel}","templated":true}]}}