{"id":16804,"date":"2024-07-22T07:58:40","date_gmt":"2024-07-22T10:58:40","guid":{"rendered":"https:\/\/diariorepublica.com.ar\/web\/?p=16804"},"modified":"2024-07-22T07:58:42","modified_gmt":"2024-07-22T10:58:42","slug":"para-fama-la-convocatoria-al-pacto-catamarqueno-es-poco-seria","status":"publish","type":"post","link":"https:\/\/diariorepublica.com.ar\/web\/index.php\/politica\/2024\/07\/22\/para-fama-la-convocatoria-al-pacto-catamarqueno-es-poco-seria\/","title":{"rendered":"<strong>Para Fama, la convocatoria al Pacto Catamarque\u00f1o es \u201cpoco seria\u201d<\/strong>"},"content":{"rendered":"<p>Flavio Fama, senador nacional por Catamarca y Referente de la Uni\u00f3n C\u00edvica Radical (UCR), lanz\u00f3 cr\u00edticas a la convocatoria a firmar el Pacto Catamarque\u00f1o lanzado por parte del gobernador Ra\u00fal Jalil.<\/p>\n<p>\u201cLo del pacto local me parece que es poco serio, sinceramente, pero bueno, tenemos que sobrevolar de esas cosas, no darle tanta trascendencia y creo que hay que ponerse a trabajar\u201d.<\/p>\n<p>Fama se\u00f1al\u00f3 tambi\u00e9n que \u201cNo es un problema de Pacto, es un problema que hay que ser serio para hacer las cosas, porque si uno no es serio no es cre\u00edble y lo que le est\u00e1 pasando hoy al Gobernador es que no es cre\u00edble\u201d y agreg\u00f3 los catamarque\u00f1os todav\u00eda est\u00e1n reclamando desde hace a\u00f1os tener un buen sistema de salud, fortalecer la educaci\u00f3n, lo productivo, la miner\u00eda<\/p>\n","protected":false},"excerpt":{"rendered":"<p>Flavio Fama, senador nacional por Catamarca y Referente de la Uni\u00f3n C\u00edvica Radical (UCR), lanz\u00f3 cr\u00edticas a la convocatoria a<\/p>\n","protected":false},"author":2,"featured_media":16805,"comment_status":"closed","ping_status":"closed","sticky":false,"template":"","format":"standard","meta":{"footnotes":"","jetpack_publicize_message":"","jetpack_publicize_feature_enabled":true,"jetpack_social_post_already_shared":true,"jetpack_social_options":{"image_generator_settings":{"template":"highway","enabled":false},"version":2}},"categories":[12],"tags":[],"class_list":["post-16804","post","type-post","status-publish","format-standard","has-post-thumbnail","hentry","category-politica"],"jetpack_publicize_connections":[],"_links":{"self":[{"href":"https:\/\/diariorepublica.com.ar\/web\/index.php\/wp-json\/wp\/v2\/posts\/16804"}],"collection":[{"href":"https:\/\/diariorepublica.com.ar\/web\/index.php\/wp-json\/wp\/v2\/posts"}],"about":[{"href":"https:\/\/diariorepublica.com.ar\/web\/index.php\/wp-json\/wp\/v2\/types\/post"}],"author":[{"embeddable":true,"href":"https:\/\/diariorepublica.com.ar\/web\/index.php\/wp-json\/wp\/v2\/users\/2"}],"replies":[{"embeddable":true,"href":"https:\/\/diariorepublica.com.ar\/web\/index.php\/wp-json\/wp\/v2\/comments?post=16804"}],"version-history":[{"count":1,"href":"https:\/\/diariorepublica.com.ar\/web\/index.php\/wp-json\/wp\/v2\/posts\/16804\/revisions"}],"predecessor-version":[{"id":16806,"href":"https:\/\/diariorepublica.com.ar\/web\/index.php\/wp-json\/wp\/v2\/posts\/16804\/revisions\/16806"}],"wp:featuredmedia":[{"embeddable":true,"href":"https:\/\/diariorepublica.com.ar\/web\/index.php\/wp-json\/wp\/v2\/media\/16805"}],"wp:attachment":[{"href":"https:\/\/diariorepublica.com.ar\/web\/index.php\/wp-json\/wp\/v2\/media?parent=16804"}],"wp:term":[{"taxonomy":"category","embeddable":true,"href":"https:\/\/diariorepublica.com.ar\/web\/index.php\/wp-json\/wp\/v2\/categories?post=16804"},{"taxonomy":"post_tag","embeddable":true,"href":"https:\/\/diariorepublica.com.ar\/web\/index.php\/wp-json\/wp\/v2\/tags?post=16804"}],"curies":[{"name":"wp","href":"https:\/\/api.w.org\/{rel}","templated":true}]}}