{"id":16807,"date":"2024-07-22T08:00:34","date_gmt":"2024-07-22T11:00:34","guid":{"rendered":"https:\/\/diariorepublica.com.ar\/web\/?p=16807"},"modified":"2024-07-22T08:00:36","modified_gmt":"2024-07-22T11:00:36","slug":"el-bloque-libertario-local-presento-un-proyecto-del-adhesion-al-rigi","status":"publish","type":"post","link":"https:\/\/diariorepublica.com.ar\/web\/index.php\/politica\/2024\/07\/22\/el-bloque-libertario-local-presento-un-proyecto-del-adhesion-al-rigi\/","title":{"rendered":"<strong>El bloque libertario local present\u00f3 un proyecto del adhesi\u00f3n al RIGI<\/strong>"},"content":{"rendered":"<p>El bloque de diputados de La Libertad Avanza, que preside Adri\u00e1n Brizuela, present\u00f3 el proyecto de ley para la adhesi\u00f3n al R\u00e9gimen de Incentivo para las Grandes Inversiones (RIGI). De esta manera, el bloque libertario se adelant\u00f3 al Gobierno, que hab\u00eda elegido el camino de preparar el terreno con la b\u00fasqueda de consenso oficialista antes de presentar la adhesi\u00f3n.<\/p>\n<p>En los fundamentos, el proyecto de ley se\u00f1ala que \u00abtiene por objeto establecer: incentivos, certidumbre econ\u00f3mica y seguridad jur\u00eddica para inversiones que superen los doscientos millones de d\u00f3lares cuyos objetivos prioritarios son: a) Incentivar las grandes inversiones nacionales y extranjeras en la Rep\u00fablica Argentina a fin de garantizar la prosperidad del pa\u00eds; b) Promover el desarrollo econ\u00f3mico; c) Desarrollar y fortalecer la competitividad de los diversos sectores econ\u00f3micos; d) Incrementar las exportaciones de mercader\u00edas y servicios al exterior comprendidas en las actividades desarrolladas en el RIGI; e) Favorecer la creaci\u00f3n de empleo; entre otras.<\/p>\n<p>M\u00e1s adelante detalla cu\u00e1les son los beneficios impositivos que contempla la norma: impositivos, aduaneros, cambiarios. Contempla la estabilidad impositiva, aduanera y cambiaria durante 30 a\u00f1os.<\/p>\n<p>Por \u00faltimo, los libertarios concluyen que \u00ablas grandes inversiones generar\u00e1n fuentes de trabajo, movimiento econ\u00f3mico y sobre todo la posibilidad de llevar a Catamarca al crecimiento socioecon\u00f3mico que tuvimos alguna vez en el siglo XIX cuando \u00e9ramos los primeros exportadores<\/p>\n","protected":false},"excerpt":{"rendered":"<p>El bloque de diputados de La Libertad Avanza, que preside Adri\u00e1n Brizuela, present\u00f3 el proyecto de ley para la adhesi\u00f3n<\/p>\n","protected":false},"author":2,"featured_media":16808,"comment_status":"closed","ping_status":"closed","sticky":false,"template":"","format":"standard","meta":{"footnotes":"","jetpack_publicize_message":"","jetpack_publicize_feature_enabled":true,"jetpack_social_post_already_shared":true,"jetpack_social_options":{"image_generator_settings":{"template":"highway","enabled":false},"version":2}},"categories":[12],"tags":[],"class_list":["post-16807","post","type-post","status-publish","format-standard","has-post-thumbnail","hentry","category-politica"],"jetpack_publicize_connections":[],"_links":{"self":[{"href":"https:\/\/diariorepublica.com.ar\/web\/index.php\/wp-json\/wp\/v2\/posts\/16807"}],"collection":[{"href":"https:\/\/diariorepublica.com.ar\/web\/index.php\/wp-json\/wp\/v2\/posts"}],"about":[{"href":"https:\/\/diariorepublica.com.ar\/web\/index.php\/wp-json\/wp\/v2\/types\/post"}],"author":[{"embeddable":true,"href":"https:\/\/diariorepublica.com.ar\/web\/index.php\/wp-json\/wp\/v2\/users\/2"}],"replies":[{"embeddable":true,"href":"https:\/\/diariorepublica.com.ar\/web\/index.php\/wp-json\/wp\/v2\/comments?post=16807"}],"version-history":[{"count":1,"href":"https:\/\/diariorepublica.com.ar\/web\/index.php\/wp-json\/wp\/v2\/posts\/16807\/revisions"}],"predecessor-version":[{"id":16809,"href":"https:\/\/diariorepublica.com.ar\/web\/index.php\/wp-json\/wp\/v2\/posts\/16807\/revisions\/16809"}],"wp:featuredmedia":[{"embeddable":true,"href":"https:\/\/diariorepublica.com.ar\/web\/index.php\/wp-json\/wp\/v2\/media\/16808"}],"wp:attachment":[{"href":"https:\/\/diariorepublica.com.ar\/web\/index.php\/wp-json\/wp\/v2\/media?parent=16807"}],"wp:term":[{"taxonomy":"category","embeddable":true,"href":"https:\/\/diariorepublica.com.ar\/web\/index.php\/wp-json\/wp\/v2\/categories?post=16807"},{"taxonomy":"post_tag","embeddable":true,"href":"https:\/\/diariorepublica.com.ar\/web\/index.php\/wp-json\/wp\/v2\/tags?post=16807"}],"curies":[{"name":"wp","href":"https:\/\/api.w.org\/{rel}","templated":true}]}}