{"id":16814,"date":"2024-07-22T00:11:00","date_gmt":"2024-07-22T03:11:00","guid":{"rendered":"https:\/\/diariorepublica.com.ar\/web\/?p=16814"},"modified":"2024-07-22T08:16:10","modified_gmt":"2024-07-22T11:16:10","slug":"elecciones-en-eeuu-joe-biden-confirmo-que-se-baja-de-su-candidatura","status":"publish","type":"post","link":"https:\/\/diariorepublica.com.ar\/web\/index.php\/internacionales\/2024\/07\/22\/elecciones-en-eeuu-joe-biden-confirmo-que-se-baja-de-su-candidatura\/","title":{"rendered":"Elecciones en EEUU: Joe Biden confirm\u00f3 que se baja de su candidatura"},"content":{"rendered":"<p>El presidente Joe Biden baj\u00f3 su candidatura para las elecciones de Estados Unidos que se celebrar\u00e1n el 8 de noviembre. A trav\u00e9s de una carta que public\u00f3 en las redes sociales este domingo, el veterano de 81 a\u00f1os declin\u00f3 su participaci\u00f3n en los comicios y as\u00ed no ir\u00e1 por la reelecci\u00f3n. Comienza la discusi\u00f3n para definir qui\u00e9n reemplazar\u00e1 al mandatario en la lista, con la vicepreidenta Kamala Harris como la apuntada a ocupar ese lugar.<\/p>\n<p>Tras varios d\u00edas de presi\u00f3n desde el seno del propio Partido Dem\u00f3crata, Biden anunci\u00f3 formalmente que retira su candidatura a la reelecci\u00f3n y no competir\u00e1 contra el republicano Donald Trump.<\/p>\n<article class=\"article-body article-body--third-paragraph content-protected-false\">\n<div id=\"embed62_wrap\" class=\"embed_cont type_freetext\" contenteditable=\"false\">\n<div id=\"embed62_content\" class=\"embed_content\">\n<div id=\"embed62_embed\">\n<div class=\"twitter-tweet twitter-tweet-rendered\"><iframe id=\"twitter-widget-0\" class=\"\" title=\"X Post\" src=\"https:\/\/platform.twitter.com\/embed\/Tweet.html?creatorScreenName=Ambitocom&amp;dnt=false&amp;embedId=twitter-widget-0&amp;features=eyJ0ZndfdGltZWxpbmVfbGlzdCI6eyJidWNrZXQiOltdLCJ2ZXJzaW9uIjpudWxsfSwidGZ3X2ZvbGxvd2VyX2NvdW50X3N1bnNldCI6eyJidWNrZXQiOnRydWUsInZlcnNpb24iOm51bGx9LCJ0ZndfdHdlZXRfZWRpdF9iYWNrZW5kIjp7ImJ1Y2tldCI6Im9uIiwidmVyc2lvbiI6bnVsbH0sInRmd19yZWZzcmNfc2Vzc2lvbiI6eyJidWNrZXQiOiJvbiIsInZlcnNpb24iOm51bGx9LCJ0ZndfZm9zbnJfc29mdF9pbnRlcnZlbnRpb25zX2VuYWJsZWQiOnsiYnVja2V0Ijoib24iLCJ2ZXJzaW9uIjpudWxsfSwidGZ3X21peGVkX21lZGlhXzE1ODk3Ijp7ImJ1Y2tldCI6InRyZWF0bWVudCIsInZlcnNpb24iOm51bGx9LCJ0ZndfZXhwZXJpbWVudHNfY29va2llX2V4cGlyYXRpb24iOnsiYnVja2V0IjoxMjA5NjAwLCJ2ZXJzaW9uIjpudWxsfSwidGZ3X3Nob3dfYmlyZHdhdGNoX3Bpdm90c19lbmFibGVkIjp7ImJ1Y2tldCI6Im9uIiwidmVyc2lvbiI6bnVsbH0sInRmd19kdXBsaWNhdGVfc2NyaWJlc190b19zZXR0aW5ncyI6eyJidWNrZXQiOiJvbiIsInZlcnNpb24iOm51bGx9LCJ0ZndfdXNlX3Byb2ZpbGVfaW1hZ2Vfc2hhcGVfZW5hYmxlZCI6eyJidWNrZXQiOiJvbiIsInZlcnNpb24iOm51bGx9LCJ0ZndfdmlkZW9faGxzX2R5bmFtaWNfbWFuaWZlc3RzXzE1MDgyIjp7ImJ1Y2tldCI6InRydWVfYml0cmF0ZSIsInZlcnNpb24iOm51bGx9LCJ0ZndfbGVnYWN5X3RpbWVsaW5lX3N1bnNldCI6eyJidWNrZXQiOnRydWUsInZlcnNpb24iOm51bGx9LCJ0ZndfdHdlZXRfZWRpdF9mcm9udGVuZCI6eyJidWNrZXQiOiJvbiIsInZlcnNpb24iOm51bGx9fQ%3D%3D&amp;frame=false&amp;hideCard=false&amp;hideThread=false&amp;id=1815087772216303933&amp;lang=es&amp;origin=https%3A%2F%2Fwww.ambito.com%2Fmundo%2Felecciones-eeuu-joe-biden-confirmo-que-se-baja-su-candidatura-y-no-ira-la-reeleccion-donald-trump-n6035639&amp;sessionId=2adcb75da0fff9d6a6acb50a25cc3c67a1fd1b32&amp;siteScreenName=Ambitocom&amp;theme=light&amp;widgetsVersion=2615f7e52b7e0%3A1702314776716&amp;width=550px\" frameborder=\"0\" scrolling=\"no\" allowfullscreen=\"allowfullscreen\" data-tweet-id=\"1815087772216303933\" data-mce-fragment=\"1\"><\/iframe><\/div>\n<\/div>\n<\/div>\n<\/div>\n<h2><\/h2>\n<p class=\"\" data-mrf-recirculation=\"Links inline\"><strong>\u201cCreo que lo mejor para mi partido y el pa\u00eds es que me retire y me concentre \u00fanicamente en cumplir con mis deberes como presidente durante el resto de mi mandato\u201d<\/strong>, se\u00f1al\u00f3 el jefe de Estado en un comunicado.<\/p>\n<\/article>\n<article class=\"article-body article-body--fourth-paragraph content-protected-false\"><strong>Biden<\/strong>, en una publicaci\u00f3n de la red social X (ex Twitter), dijo que seguir\u00e1 en la presidencia hasta que finalice su mandato en enero de 2025 y que se dirigir\u00e1 al pa\u00eds esta semana.<\/p>\n<\/article>\n<article class=\"article-body article-body--remaining-paragraph content-protected-false\">\u00abHa sido el mayor honor de mi vida ser su presidente. Y si bien mi intenci\u00f3n ha sido buscar la reelecci\u00f3n, creo que lo mejor para mi partido y el pa\u00eds es que me retire y me concentre \u00fanicamente en el cumplimiento de mis deberes como presidente durante el resto de mi mandato\u00bb, escribi\u00f3 Biden.<\/p>\n<p>El retiro de su candidatura a la reelecci\u00f3n allana el camino para que la vicepresidenta\u00a0<strong>Kamala Harris<\/strong>\u00a0encabece la lista, de acuerdo a las primeras versiones, la primera mujer negra en hacerlo en la historia del pa\u00eds.<\/p>\n<p>Ahora se abre un nuevo escenario por la sucesi\u00f3n de Biden a la candidatura del Partido Dem\u00f3crata en las elecciones de Estados Unidos.<\/p>\n<p>Biden, de 81 a\u00f1os, no la mencion\u00f3 cuando anunci\u00f3 su decisi\u00f3n. No estaba claro si otros dem\u00f3cratas de alto rango desafiar\u00edan a Harris por la candidatura o si el propio partido elegir\u00eda abrir el campo para otras postulaciones.<\/p>\n<p><iframe id=\"twitter-widget-1\" class=\"\" title=\"X Post\" src=\"https:\/\/platform.twitter.com\/embed\/Tweet.html?creatorScreenName=Ambitocom&amp;dnt=false&amp;embedId=twitter-widget-1&amp;features=eyJ0ZndfdGltZWxpbmVfbGlzdCI6eyJidWNrZXQiOltdLCJ2ZXJzaW9uIjpudWxsfSwidGZ3X2ZvbGxvd2VyX2NvdW50X3N1bnNldCI6eyJidWNrZXQiOnRydWUsInZlcnNpb24iOm51bGx9LCJ0ZndfdHdlZXRfZWRpdF9iYWNrZW5kIjp7ImJ1Y2tldCI6Im9uIiwidmVyc2lvbiI6bnVsbH0sInRmd19yZWZzcmNfc2Vzc2lvbiI6eyJidWNrZXQiOiJvbiIsInZlcnNpb24iOm51bGx9LCJ0ZndfZm9zbnJfc29mdF9pbnRlcnZlbnRpb25zX2VuYWJsZWQiOnsiYnVja2V0Ijoib24iLCJ2ZXJzaW9uIjpudWxsfSwidGZ3X21peGVkX21lZGlhXzE1ODk3Ijp7ImJ1Y2tldCI6InRyZWF0bWVudCIsInZlcnNpb24iOm51bGx9LCJ0ZndfZXhwZXJpbWVudHNfY29va2llX2V4cGlyYXRpb24iOnsiYnVja2V0IjoxMjA5NjAwLCJ2ZXJzaW9uIjpudWxsfSwidGZ3X3Nob3dfYmlyZHdhdGNoX3Bpdm90c19lbmFibGVkIjp7ImJ1Y2tldCI6Im9uIiwidmVyc2lvbiI6bnVsbH0sInRmd19kdXBsaWNhdGVfc2NyaWJlc190b19zZXR0aW5ncyI6eyJidWNrZXQiOiJvbiIsInZlcnNpb24iOm51bGx9LCJ0ZndfdXNlX3Byb2ZpbGVfaW1hZ2Vfc2hhcGVfZW5hYmxlZCI6eyJidWNrZXQiOiJvbiIsInZlcnNpb24iOm51bGx9LCJ0ZndfdmlkZW9faGxzX2R5bmFtaWNfbWFuaWZlc3RzXzE1MDgyIjp7ImJ1Y2tldCI6InRydWVfYml0cmF0ZSIsInZlcnNpb24iOm51bGx9LCJ0ZndfbGVnYWN5X3RpbWVsaW5lX3N1bnNldCI6eyJidWNrZXQiOnRydWUsInZlcnNpb24iOm51bGx9LCJ0ZndfdHdlZXRfZWRpdF9mcm9udGVuZCI6eyJidWNrZXQiOiJvbiIsInZlcnNpb24iOm51bGx9fQ%3D%3D&amp;frame=false&amp;hideCard=false&amp;hideThread=false&amp;id=1815080881981190320&amp;lang=es&amp;origin=https%3A%2F%2Fwww.ambito.com%2Fmundo%2Felecciones-eeuu-joe-biden-confirmo-que-se-baja-su-candidatura-y-no-ira-la-reeleccion-donald-trump-n6035639&amp;sessionId=2adcb75da0fff9d6a6acb50a25cc3c67a1fd1b32&amp;siteScreenName=Ambitocom&amp;theme=light&amp;widgetsVersion=2615f7e52b7e0%3A1702314776716&amp;width=550px\" frameborder=\"0\" scrolling=\"no\" allowfullscreen=\"allowfullscreen\" data-tweet-id=\"1815080881981190320\"><\/iframe><\/p>\n<\/article>\n","protected":false},"excerpt":{"rendered":"<p>El presidente Joe Biden baj\u00f3 su candidatura para las elecciones de Estados Unidos que se celebrar\u00e1n el 8 de noviembre.<\/p>\n","protected":false},"author":1,"featured_media":16815,"comment_status":"closed","ping_status":"closed","sticky":false,"template":"","format":"standard","meta":{"footnotes":"","jetpack_publicize_message":"","jetpack_publicize_feature_enabled":true,"jetpack_social_post_already_shared":true,"jetpack_social_options":{"image_generator_settings":{"template":"highway","enabled":false},"version":2}},"categories":[6],"tags":[],"class_list":["post-16814","post","type-post","status-publish","format-standard","has-post-thumbnail","hentry","category-internacionales"],"jetpack_publicize_connections":[],"_links":{"self":[{"href":"https:\/\/diariorepublica.com.ar\/web\/index.php\/wp-json\/wp\/v2\/posts\/16814"}],"collection":[{"href":"https:\/\/diariorepublica.com.ar\/web\/index.php\/wp-json\/wp\/v2\/posts"}],"about":[{"href":"https:\/\/diariorepublica.com.ar\/web\/index.php\/wp-json\/wp\/v2\/types\/post"}],"author":[{"embeddable":true,"href":"https:\/\/diariorepublica.com.ar\/web\/index.php\/wp-json\/wp\/v2\/users\/1"}],"replies":[{"embeddable":true,"href":"https:\/\/diariorepublica.com.ar\/web\/index.php\/wp-json\/wp\/v2\/comments?post=16814"}],"version-history":[{"count":1,"href":"https:\/\/diariorepublica.com.ar\/web\/index.php\/wp-json\/wp\/v2\/posts\/16814\/revisions"}],"predecessor-version":[{"id":16816,"href":"https:\/\/diariorepublica.com.ar\/web\/index.php\/wp-json\/wp\/v2\/posts\/16814\/revisions\/16816"}],"wp:featuredmedia":[{"embeddable":true,"href":"https:\/\/diariorepublica.com.ar\/web\/index.php\/wp-json\/wp\/v2\/media\/16815"}],"wp:attachment":[{"href":"https:\/\/diariorepublica.com.ar\/web\/index.php\/wp-json\/wp\/v2\/media?parent=16814"}],"wp:term":[{"taxonomy":"category","embeddable":true,"href":"https:\/\/diariorepublica.com.ar\/web\/index.php\/wp-json\/wp\/v2\/categories?post=16814"},{"taxonomy":"post_tag","embeddable":true,"href":"https:\/\/diariorepublica.com.ar\/web\/index.php\/wp-json\/wp\/v2\/tags?post=16814"}],"curies":[{"name":"wp","href":"https:\/\/api.w.org\/{rel}","templated":true}]}}