{"id":16832,"date":"2024-07-24T00:01:00","date_gmt":"2024-07-24T03:01:00","guid":{"rendered":"https:\/\/diariorepublica.com.ar\/web\/?p=16832"},"modified":"2024-07-24T10:01:19","modified_gmt":"2024-07-24T13:01:19","slug":"raul-e-intendentes-recorrieron-los-avances-de-obra-en-la-cuesta-de-zapata","status":"publish","type":"post","link":"https:\/\/diariorepublica.com.ar\/web\/index.php\/sociedad\/2024\/07\/24\/raul-e-intendentes-recorrieron-los-avances-de-obra-en-la-cuesta-de-zapata\/","title":{"rendered":"Ra\u00fal e intendentes recorrieron los avances de obra en la Cuesta de Zapata"},"content":{"rendered":"<p>Acompa\u00f1ado por los intendentes del departamento Bel\u00e9n, el gobernador Ra\u00fal Jalil recorri\u00f3 este martes los avances en la apertura de traza en Ruta Provincial 3 (tramo Londres-Tinogasta) donde se encuentra la Cuesta de Zapata.<\/p>\n<p>El mandatario provincial estuvo acompa\u00f1ado por el ministro de Gobierno, Justicia y Derechos Humanos, Fernando \u00c1vila; los intendentes Roberto Rodr\u00edguez (Londres), Cristian Yapura (Bel\u00e9n), Ram\u00f3n Guti\u00e9rrez (Villa Vil), Carlos Casimiro (Puerta de Corral Quemado), Marcelo Villagr\u00e1n (Hualf\u00edn), Jos\u00e9 Figueroa (San Fernando), Isidro G\u00f3mez (Corral Quemado), Alberto Espinoza (Puerta de San Jos\u00e9) y la senadora por Bel\u00e9n, Soledad Blas.<\/p>\n<p>Los trabajos de apertura de camino se encuentran avanzados ya que, del total de 58 kil\u00f3metros, se abrieron 22 kil\u00f3metros desde el acceso de Tinogasta y 22 kil\u00f3metros desde el acceso desde Londres, por lo que restan solo 14 kil\u00f3metros para concluir la apertura de la hist\u00f3rica traza.<\/p>\n<p>El intendente de Londres, Roberto Rodr\u00edguez, expres\u00f3 su alegr\u00eda por los avances de los trabajos. \u201cEstamos muy contentos de ver los avances de esta obra, que significar\u00e1 un enorme desarrollo para las localidades del Oeste catamarque\u00f1o como Bel\u00e9n, Tinogasta, Londres\u201d, afirm\u00f3.<\/p>\n<p>Se debe recordar que, d\u00edas atr\u00e1s, se efectu\u00f3 la licitaci\u00f3n para una nueva etapa de la obra que consistir\u00e1 en la ejecuci\u00f3n de badenes de hormig\u00f3n para dejar lista la traza para la obra b\u00e1sica y pavimentaci\u00f3n en un futuro.<\/p>\n<p>Esta intervenci\u00f3n no solo mejorar\u00e1 la infraestructura vial, sino que busca recuperar y preservar el corredor tur\u00edstico\/cultural milenario, esencial para mantener la identidad regional. Asimismo, se busca poner en valor nuevamente la Ruta Provincial N\u00b03, que durante muchos a\u00f1os ha estado pr\u00e1cticamente en desuso debido a la inhabilitaci\u00f3n de este camino que originalmente formaba parte de la Ruta 40.<\/p>\n<p>La ruta tambi\u00e9n tiene un sentido hist\u00f3rico, ya que formaba parte del antiguo Camino del Inca y la ruta comercial catamarque\u00f1a entre el Valle de Abauc\u00e1n y el Valle de Bel\u00e9n.<\/p>\n","protected":false},"excerpt":{"rendered":"<p>Acompa\u00f1ado por los intendentes del departamento Bel\u00e9n, el gobernador Ra\u00fal Jalil recorri\u00f3 este martes los avances en la apertura de<\/p>\n","protected":false},"author":1,"featured_media":16833,"comment_status":"closed","ping_status":"closed","sticky":false,"template":"","format":"standard","meta":{"footnotes":"","jetpack_publicize_message":"","jetpack_publicize_feature_enabled":true,"jetpack_social_post_already_shared":true,"jetpack_social_options":{"image_generator_settings":{"template":"highway","enabled":false},"version":2}},"categories":[3],"tags":[],"class_list":["post-16832","post","type-post","status-publish","format-standard","has-post-thumbnail","hentry","category-sociedad"],"jetpack_publicize_connections":[],"_links":{"self":[{"href":"https:\/\/diariorepublica.com.ar\/web\/index.php\/wp-json\/wp\/v2\/posts\/16832"}],"collection":[{"href":"https:\/\/diariorepublica.com.ar\/web\/index.php\/wp-json\/wp\/v2\/posts"}],"about":[{"href":"https:\/\/diariorepublica.com.ar\/web\/index.php\/wp-json\/wp\/v2\/types\/post"}],"author":[{"embeddable":true,"href":"https:\/\/diariorepublica.com.ar\/web\/index.php\/wp-json\/wp\/v2\/users\/1"}],"replies":[{"embeddable":true,"href":"https:\/\/diariorepublica.com.ar\/web\/index.php\/wp-json\/wp\/v2\/comments?post=16832"}],"version-history":[{"count":1,"href":"https:\/\/diariorepublica.com.ar\/web\/index.php\/wp-json\/wp\/v2\/posts\/16832\/revisions"}],"predecessor-version":[{"id":16834,"href":"https:\/\/diariorepublica.com.ar\/web\/index.php\/wp-json\/wp\/v2\/posts\/16832\/revisions\/16834"}],"wp:featuredmedia":[{"embeddable":true,"href":"https:\/\/diariorepublica.com.ar\/web\/index.php\/wp-json\/wp\/v2\/media\/16833"}],"wp:attachment":[{"href":"https:\/\/diariorepublica.com.ar\/web\/index.php\/wp-json\/wp\/v2\/media?parent=16832"}],"wp:term":[{"taxonomy":"category","embeddable":true,"href":"https:\/\/diariorepublica.com.ar\/web\/index.php\/wp-json\/wp\/v2\/categories?post=16832"},{"taxonomy":"post_tag","embeddable":true,"href":"https:\/\/diariorepublica.com.ar\/web\/index.php\/wp-json\/wp\/v2\/tags?post=16832"}],"curies":[{"name":"wp","href":"https:\/\/api.w.org\/{rel}","templated":true}]}}