{"id":16859,"date":"2024-07-24T12:21:47","date_gmt":"2024-07-24T15:21:47","guid":{"rendered":"https:\/\/diariorepublica.com.ar\/web\/?p=16859"},"modified":"2024-07-24T12:21:49","modified_gmt":"2024-07-24T15:21:49","slug":"gobierno-y-la-corte-de-justicia-firman-adenda-para-la-cesion-de-hectareas-para-el-poder-judicial","status":"publish","type":"post","link":"https:\/\/diariorepublica.com.ar\/web\/index.php\/locales\/2024\/07\/24\/gobierno-y-la-corte-de-justicia-firman-adenda-para-la-cesion-de-hectareas-para-el-poder-judicial\/","title":{"rendered":"Gobierno y la Corte de Justicia firman adenda para la cesi\u00f3n de hect\u00e1reas para el Poder Judicial"},"content":{"rendered":"<p>En Casa de Gobierno, el gobernador Ra\u00fal Jalil y el ministro a cargo de la Presidencia de la Corte, Miguel Figueroa Vicario, firmaron una adenda al convenio de cesi\u00f3n de hect\u00e1reas para la construcci\u00f3n de oficinas judiciales en el sector norte de la ciudad, en adyacencias a la Quebrada de Moreira.<\/p>\n<p>En la oportunidad estuvieron presentes los ministros de la Corte, Fabiana G\u00f3mez, Ver\u00f3nica Salda\u00f1o y Hern\u00e1n Martel; el ministro de Gobierno, Justicia y Derechos Humanos, Fernando \u00c1vila; la secretaria de Estado de Gabinete, Luz Soria, y el asesor general de Gobierno Nicol\u00e1s Rosales.<\/p>\n<p>Con esta adenda, ambos Poderes reafirman su compromiso de trabajar en beneficio de la justicia y la comunidad catamarque\u00f1a con la futura construcci\u00f3n de inmuebles para optimizar y modernizar las infraestructuras judiciales.<\/p>\n<p>La escritura traslativa de dominio se realizar\u00e1 al finalizar los tr\u00e1mites de mensura y subdivisi\u00f3n a cargo de la Direcci\u00f3n de Catastro.<\/p>\n","protected":false},"excerpt":{"rendered":"<p>En Casa de Gobierno, el gobernador Ra\u00fal Jalil y el ministro a cargo de la Presidencia de la Corte, Miguel<\/p>\n","protected":false},"author":1,"featured_media":16860,"comment_status":"closed","ping_status":"closed","sticky":false,"template":"","format":"standard","meta":{"footnotes":"","jetpack_publicize_message":"","jetpack_publicize_feature_enabled":true,"jetpack_social_post_already_shared":true,"jetpack_social_options":{"image_generator_settings":{"template":"highway","enabled":false},"version":2}},"categories":[2],"tags":[],"class_list":["post-16859","post","type-post","status-publish","format-standard","has-post-thumbnail","hentry","category-locales"],"jetpack_publicize_connections":[],"_links":{"self":[{"href":"https:\/\/diariorepublica.com.ar\/web\/index.php\/wp-json\/wp\/v2\/posts\/16859"}],"collection":[{"href":"https:\/\/diariorepublica.com.ar\/web\/index.php\/wp-json\/wp\/v2\/posts"}],"about":[{"href":"https:\/\/diariorepublica.com.ar\/web\/index.php\/wp-json\/wp\/v2\/types\/post"}],"author":[{"embeddable":true,"href":"https:\/\/diariorepublica.com.ar\/web\/index.php\/wp-json\/wp\/v2\/users\/1"}],"replies":[{"embeddable":true,"href":"https:\/\/diariorepublica.com.ar\/web\/index.php\/wp-json\/wp\/v2\/comments?post=16859"}],"version-history":[{"count":1,"href":"https:\/\/diariorepublica.com.ar\/web\/index.php\/wp-json\/wp\/v2\/posts\/16859\/revisions"}],"predecessor-version":[{"id":16861,"href":"https:\/\/diariorepublica.com.ar\/web\/index.php\/wp-json\/wp\/v2\/posts\/16859\/revisions\/16861"}],"wp:featuredmedia":[{"embeddable":true,"href":"https:\/\/diariorepublica.com.ar\/web\/index.php\/wp-json\/wp\/v2\/media\/16860"}],"wp:attachment":[{"href":"https:\/\/diariorepublica.com.ar\/web\/index.php\/wp-json\/wp\/v2\/media?parent=16859"}],"wp:term":[{"taxonomy":"category","embeddable":true,"href":"https:\/\/diariorepublica.com.ar\/web\/index.php\/wp-json\/wp\/v2\/categories?post=16859"},{"taxonomy":"post_tag","embeddable":true,"href":"https:\/\/diariorepublica.com.ar\/web\/index.php\/wp-json\/wp\/v2\/tags?post=16859"}],"curies":[{"name":"wp","href":"https:\/\/api.w.org\/{rel}","templated":true}]}}