{"id":16877,"date":"2024-07-25T00:41:00","date_gmt":"2024-07-25T03:41:00","guid":{"rendered":"https:\/\/diariorepublica.com.ar\/web\/?p=16877"},"modified":"2024-07-25T07:42:32","modified_gmt":"2024-07-25T10:42:32","slug":"boca-resistio-con-uno-menos-y-se-clasifico-a-octavos-de-final","status":"publish","type":"post","link":"https:\/\/diariorepublica.com.ar\/web\/index.php\/deportes\/2024\/07\/25\/boca-resistio-con-uno-menos-y-se-clasifico-a-octavos-de-final\/","title":{"rendered":"Boca resisti\u00f3 con uno menos y se clasific\u00f3 a octavos de final"},"content":{"rendered":"<article id=\"article-post\" class=\"first\">\n<div class=\"cuerpo\" data-twitter-link=\"https:\/\/twitter.com\/intent\/tweet?url=https:\/\/www.diariopopular.com.ar\/c797645&amp;via=poopulardiario&amp;related=Popular&amp;text=\">\n<p><strong>Boca Juniors avanz\u00f3 a los octavos de final de la Copa Sudamericana al derrotar a Independiente del Valle, de Ecuador, por 1-0 en La Bombonera, despu\u00e9s de haber igualado 0-0 en la altura de Quito sin poder utilizar en ambos encuentros a los cuatro refuerzos adquiridos hasta el momento en este mercado de pases.<\/strong><\/p>\n<\/div>\n<\/article>\n<article id=\"article-post\">\n<div class=\"cuerpo\" data-twitter-link=\"https:\/\/twitter.com\/intent\/tweet?url=https:\/\/www.diariopopular.com.ar\/c797645&amp;via=poopulardiario&amp;related=Popular&amp;text=\">\n<p><strong>Edinson Cavani<\/strong>, que volvi\u00f3 tras estar ausente en el partido de ida, marc\u00f3 el gol del triunfo durante el primer tiempo y le dio al\u00a0<em>Xeneize<\/em>\u00a0el pase a la pr\u00f3xima instancia del certamen en un partido que se complic\u00f3 en la parte complementaria cuando el juvenil\u00a0<strong>Milton Delgado<\/strong>\u00a0vio la roja directa por una falta fuerte.<\/p>\n<p>Ahora el equipo de la Ribera tendr\u00e1 un par\u00e9ntesis en el plano continental hasta mitad de agosto cuando arrancar\u00e1 la serie frente a Cruzeiro de Brasil, que se iniciar\u00e1 en La Bombonera y se cerrar\u00e1 en Belo Horizonte.<\/p>\n<div id=\"embed72_wrap\" class=\"embed_cont type_freetext\" contenteditable=\"false\">\n<div id=\"embed72_content\" class=\"embed_content\">\n<div id=\"embed72_embed\">\n<div class=\"video_container\"><iframe loading=\"lazy\" class=\"video_iframe\" src=\"https:\/\/www.youtube.com\/embed\/P9QVVcY2KIY\" width=\"100%\" height=\"360\" frameborder=\"0\" scrolling=\"no\" data-gtm-yt-inspected-13=\"true\" data-mce-fragment=\"1\"><\/iframe><\/div>\n<\/div>\n<\/div>\n<div id=\"embed72_epigrafe\" class=\"embed_epigrafe\"><\/div>\n<div id=\"embed72_copyright\" class=\"embed_copyright\"><\/div>\n<\/div>\n<p>Boca asumi\u00f3 la iniciativa pero le cost\u00f3 penetrar la \u00faltima l\u00ednea del elenco ecuatoriano. De hecho, cuando lo pudo hacer fue en contragolpes lanzados a partir de pelotas recuperadas. Como a los 20 cuando Ceballos habilit\u00f3 a Miguel Merentiel y este, entrando por derecha, sac\u00f3 un bombazo que se fue desviado.<\/p>\n<p>Hasta que a los 38 se ilumin\u00f3 Delgado, dej\u00f3 en el camino a un par de rivales, habilit\u00f3 a Cavani por izquierda, el uruguayo la cambi\u00f3 para Jabes Saralegui, este jug\u00f3 adelante para Miguel Merentiel, quien cedi\u00f3 a su compatriota para que se metiera en el \u00e1rea, eludiera al arquero rival y definiera. pero el l\u00ednea cobr\u00f3 offside.<\/p>\n<p>Se recurri\u00f3 al VAR y al fin se dictamin\u00f3 que Cavani estaba habilitado y el juez convalid\u00f3 el tanto, brind\u00e1ndole a Boca la ventaja parcial, esa que hab\u00eda buscado sin suerte desde el inicio.<\/p>\n<p>Entonces creci\u00f3 el<em>\u00a0Xeneize<\/em>\u00a0y pudo liquidarlo en el cierre del primer tiempo, cuando Cavani recibi\u00f3 un regalo de la defensa rival pero no supo resolver la acci\u00f3n y no habilit\u00f3 a Merentiel que ingresaba libre cerca suyo. Pudo ser el 2-0 pero el parcial se cerr\u00f3 por la m\u00ednima diferencia.<\/p>\n<p>Parec\u00eda tener todo controlado el\u00a0<em>Xeneize<\/em>, pero se le complic\u00f3 sobre los 16 de la parte complementaria cuando Milton Delgado le entr\u00f3 muy fuerte a Renato Ibarra y vio la roja directa.<\/p>\n<p>Y ah\u00ed el partido comenz\u00f3 a cambiar de due\u00f1o, al menos en el desarrollo. Entr\u00f3 Frank Fabra por Ceballos y Boca se fue quedando sin mediocampo. Y el partido comenz\u00f3 a desarrollarse en terreno local.<\/p>\n<p>Y sobre los 40 estuvo cerca el empate el\u00a0<em>Matagigantes<\/em>\u00a0pero Michael Hoyos no pudo definir como quer\u00eda y el suspenso se extendi\u00f3 hasta el final.<\/p>\n<p>Boca solo aguantaba en una decisi\u00f3n cuestionable de su DT, que minutos antes hab\u00eda armado l\u00ednea de 5 con Lautaro Di Lollo ingresando por Merentiel y perdi\u00f3 manejo y gan\u00f3 marca con la entrada de Mauricio Ben\u00edtez por Saralegui.<\/p>\n<p>Hasta el final el \u00fanico protagonista fue Independiente del Valle, pero Boca resisti\u00f3 con uno menos y avanz\u00f3 a octavos de final. Enfrentar\u00e1 a Cruzeiro y si pasa, el camino se le abrir\u00e1 un poco.<\/p>\n<\/div>\n<\/article>\n","protected":false},"excerpt":{"rendered":"<p>Boca Juniors avanz\u00f3 a los octavos de final de la Copa Sudamericana al derrotar a Independiente del Valle, de Ecuador,<\/p>\n","protected":false},"author":1,"featured_media":16878,"comment_status":"closed","ping_status":"closed","sticky":false,"template":"","format":"standard","meta":{"footnotes":"","jetpack_publicize_message":"","jetpack_publicize_feature_enabled":true,"jetpack_social_post_already_shared":true,"jetpack_social_options":{"image_generator_settings":{"template":"highway","enabled":false},"version":2}},"categories":[9],"tags":[],"class_list":["post-16877","post","type-post","status-publish","format-standard","has-post-thumbnail","hentry","category-deportes"],"jetpack_publicize_connections":[],"_links":{"self":[{"href":"https:\/\/diariorepublica.com.ar\/web\/index.php\/wp-json\/wp\/v2\/posts\/16877"}],"collection":[{"href":"https:\/\/diariorepublica.com.ar\/web\/index.php\/wp-json\/wp\/v2\/posts"}],"about":[{"href":"https:\/\/diariorepublica.com.ar\/web\/index.php\/wp-json\/wp\/v2\/types\/post"}],"author":[{"embeddable":true,"href":"https:\/\/diariorepublica.com.ar\/web\/index.php\/wp-json\/wp\/v2\/users\/1"}],"replies":[{"embeddable":true,"href":"https:\/\/diariorepublica.com.ar\/web\/index.php\/wp-json\/wp\/v2\/comments?post=16877"}],"version-history":[{"count":1,"href":"https:\/\/diariorepublica.com.ar\/web\/index.php\/wp-json\/wp\/v2\/posts\/16877\/revisions"}],"predecessor-version":[{"id":16879,"href":"https:\/\/diariorepublica.com.ar\/web\/index.php\/wp-json\/wp\/v2\/posts\/16877\/revisions\/16879"}],"wp:featuredmedia":[{"embeddable":true,"href":"https:\/\/diariorepublica.com.ar\/web\/index.php\/wp-json\/wp\/v2\/media\/16878"}],"wp:attachment":[{"href":"https:\/\/diariorepublica.com.ar\/web\/index.php\/wp-json\/wp\/v2\/media?parent=16877"}],"wp:term":[{"taxonomy":"category","embeddable":true,"href":"https:\/\/diariorepublica.com.ar\/web\/index.php\/wp-json\/wp\/v2\/categories?post=16877"},{"taxonomy":"post_tag","embeddable":true,"href":"https:\/\/diariorepublica.com.ar\/web\/index.php\/wp-json\/wp\/v2\/tags?post=16877"}],"curies":[{"name":"wp","href":"https:\/\/api.w.org\/{rel}","templated":true}]}}