{"id":1690,"date":"2023-04-19T07:50:42","date_gmt":"2023-04-19T10:50:42","guid":{"rendered":"https:\/\/diariorepublica.com.ar\/web\/?p=1690"},"modified":"2023-04-19T07:50:44","modified_gmt":"2023-04-19T10:50:44","slug":"javier-mascherano-dio-la-lista-preliminar-de-convocados","status":"publish","type":"post","link":"https:\/\/diariorepublica.com.ar\/web\/index.php\/deportes\/2023\/04\/19\/javier-mascherano-dio-la-lista-preliminar-de-convocados\/","title":{"rendered":"Javier Mascherano dio la lista preliminar de convocados"},"content":{"rendered":"<article id=\"article-post\" class=\"first\">\n<div class=\"cuerpo\" data-twitter-link=\"https:\/\/twitter.com\/intent\/tweet?url=https:\/\/www.diariopopular.com.ar\/c709512&amp;via=poopulardiario&amp;related=Popular&amp;text=\">\n<p><strong>El entrenador de la Selecci\u00f3n Argentina Sub 20, Javier Mascherano, anunci\u00f3 la lista preliminar de futbolistas que disputar\u00e1n el Mundial de la categor\u00eda en el pa\u00eds, desde el 20 de mayo hasta el 11 de junio pr\u00f3ximo.<\/strong><\/p>\n<\/div>\n<\/article>\n<article id=\"article-post\">\n<div class=\"cuerpo\" data-twitter-link=\"https:\/\/twitter.com\/intent\/tweet?url=https:\/\/www.diariopopular.com.ar\/c709512&amp;via=poopulardiario&amp;related=Popular&amp;text=\">\n<p>En total, eligi\u00f3 a 37 jugadores, de los cuales ir\u00e1 descartando hasta que queden los 23 finales, en una n\u00f3mina en la que hubo varias sorpresas.<\/p>\n<p>Si bien est\u00e1n presentes Alejandro Garnacho y el resto de los \u00abEuropibes\u00bb, lo llamativo fue que convoc\u00f3 a algunos futbolistas del \u00e1mbito local que no hab\u00edan participado del Sudamericano en el que la Albiceleste ni siquiera pas\u00f3 a la ronda final.<\/p>\n<p>Algunos de esos nombres son los de Federico Redondo, de Argentinos Juniors; Juan Gauto, de Hurac\u00e1n; e Ignacio Miram\u00f3n, de Gimnasia, entre otros.<\/p>\n<p>La siguiente es la lista preliminar completa de la Selecci\u00f3n Sub20 para el Mundial:<\/p>\n<p><strong>Arqueros<\/strong>: Federico Gomes Gerth (Tigre), Nicol\u00e1s Claa (Lan\u00fas) y Lucas Lavagnino (River).<\/p>\n<p><strong>Defensores<\/strong>: Lautaro Di Lollo (Boca Juniors), Valent\u00edn Barco (Boca Juniors), Juli\u00e1n Aude (Lan\u00fas), Brian Aguilar (Lan\u00fas), Agust\u00edn Giay (San Lorenzo), Valent\u00edn G\u00f3mez (V\u00e9lez Sarsfield), Nahuel Arias (San Lorenzo), Ulises Ciccioli (Rosario Central), Felipe S\u00e1nchez (Gimnasia), Renzo Malanca (Huachipato de Chile), Tom\u00e1s Aviles (Racing), Franco Carboni (Monza de Italia), Juli\u00e1n Aude (Los \u00c1ngeles Galaxy de los Estados Unidos) y Esteban Lucero (Defensa y Justicia).<\/p>\n<p><strong>Mediocampistas<\/strong>: M\u00e1ximo Perrone (Manchester City de Inglaterra), Ignacio Miram\u00f3n (Gimnasia), Facundo Buonanotte (Brighton de Inglaterra), Gino Infantino (Rosario Central), Nicol\u00e1s Paz (Real Madrid de Espa\u00f1a), Mateo Tanlongo (Sporting Lisboa de Portugal), Federico Redondo (Argentinos), Christian Ordo\u00f1ez (V\u00e9lez) y Rom\u00e1n Vega (Barcelona de Espa\u00f1a).<\/p>\n<p><strong>Delanteros<\/strong>: Alejandro Garnacho (Manchester United de Inglaterra), Juan Gauto (Hurac\u00e1n), Mat\u00edas Soul\u00e9 (Juventus de Italia), Luka Romero (Lazio de Italia), Valent\u00edn Carboni (Inter de Italia), Lucas Besozzi (Central C\u00f3rdoba de Santiago del Estero), Brian Aguirre (Newell`s), Alejo V\u00e9liz (Rosario Central), Ignacio Maestro Puch (Atl\u00e9tico Tucum\u00e1n).<\/p>\n<\/div>\n<\/article>\n","protected":false},"excerpt":{"rendered":"<p>El entrenador de la Selecci\u00f3n Argentina Sub 20, Javier Mascherano, anunci\u00f3 la lista preliminar de futbolistas que disputar\u00e1n el Mundial<\/p>\n","protected":false},"author":1,"featured_media":1691,"comment_status":"closed","ping_status":"closed","sticky":false,"template":"","format":"standard","meta":{"footnotes":"","jetpack_publicize_message":"","jetpack_publicize_feature_enabled":true,"jetpack_social_post_already_shared":false,"jetpack_social_options":{"image_generator_settings":{"template":"highway","enabled":false},"version":2}},"categories":[9],"tags":[],"class_list":["post-1690","post","type-post","status-publish","format-standard","has-post-thumbnail","hentry","category-deportes"],"jetpack_publicize_connections":[],"_links":{"self":[{"href":"https:\/\/diariorepublica.com.ar\/web\/index.php\/wp-json\/wp\/v2\/posts\/1690"}],"collection":[{"href":"https:\/\/diariorepublica.com.ar\/web\/index.php\/wp-json\/wp\/v2\/posts"}],"about":[{"href":"https:\/\/diariorepublica.com.ar\/web\/index.php\/wp-json\/wp\/v2\/types\/post"}],"author":[{"embeddable":true,"href":"https:\/\/diariorepublica.com.ar\/web\/index.php\/wp-json\/wp\/v2\/users\/1"}],"replies":[{"embeddable":true,"href":"https:\/\/diariorepublica.com.ar\/web\/index.php\/wp-json\/wp\/v2\/comments?post=1690"}],"version-history":[{"count":1,"href":"https:\/\/diariorepublica.com.ar\/web\/index.php\/wp-json\/wp\/v2\/posts\/1690\/revisions"}],"predecessor-version":[{"id":1692,"href":"https:\/\/diariorepublica.com.ar\/web\/index.php\/wp-json\/wp\/v2\/posts\/1690\/revisions\/1692"}],"wp:featuredmedia":[{"embeddable":true,"href":"https:\/\/diariorepublica.com.ar\/web\/index.php\/wp-json\/wp\/v2\/media\/1691"}],"wp:attachment":[{"href":"https:\/\/diariorepublica.com.ar\/web\/index.php\/wp-json\/wp\/v2\/media?parent=1690"}],"wp:term":[{"taxonomy":"category","embeddable":true,"href":"https:\/\/diariorepublica.com.ar\/web\/index.php\/wp-json\/wp\/v2\/categories?post=1690"},{"taxonomy":"post_tag","embeddable":true,"href":"https:\/\/diariorepublica.com.ar\/web\/index.php\/wp-json\/wp\/v2\/tags?post=1690"}],"curies":[{"name":"wp","href":"https:\/\/api.w.org\/{rel}","templated":true}]}}