{"id":16922,"date":"2024-07-26T08:22:42","date_gmt":"2024-07-26T11:22:42","guid":{"rendered":"https:\/\/diariorepublica.com.ar\/web\/?p=16922"},"modified":"2024-07-26T08:22:43","modified_gmt":"2024-07-26T11:22:43","slug":"la-legislatura-no-deberia-haber-dado-estado-parlamentario-a-un-proyecto-incompleto","status":"publish","type":"post","link":"https:\/\/diariorepublica.com.ar\/web\/index.php\/politica\/2024\/07\/26\/la-legislatura-no-deberia-haber-dado-estado-parlamentario-a-un-proyecto-incompleto\/","title":{"rendered":"\u00bbLa Legislatura no deber\u00eda haber dado estado parlamentario a un proyecto incompleto\u00bb"},"content":{"rendered":"<p>El diputado Hugo \u00c1vila (Frente Amplio Catamarque\u00f1o) insisti\u00f3 en que el proyecto del Ejecutivo para adherir el RIGI debe ser devuelto por errores en su redacci\u00f3n. En este sentido, asegur\u00f3 que el Gobierno \u201cest\u00e1 trabajando mal y que tendr\u00eda que poner atenci\u00f3n en estas cuestiones\u201d, ya que la Legislatura \u201cno tendr\u00eda por qu\u00e9 dar el estado parlamentario a un proyecto que est\u00e1 incompleto y que va dirigido a la Legislatura de R\u00edo Negro\u201d.<\/p>\n<p>En dialogo con FM REPUBLICA 103.1, Avila indic\u00f3 que el proyecto del Ejecutivo solo cuenta con \u201cun t\u00edtulo\u201d, pues no cuenta con el contenido de la norma. \u201cEsto es pretender que los legisladores lo aprueben a libro cerrado. Esto confirma que el RIGI es un producto netamente envasado\u201d<\/p>\n<p>\u201cLa Constituci\u00f3n del a\u00f1o 94 le ha dado a las provincias la potestad de ser los due\u00f1os originarios de la riqueza minera y el RIGI plantea directamente desechar ese atributo constitucional y concederle la autor\u00eda de aplicaci\u00f3n a la Naci\u00f3n y la Naci\u00f3n se lo concede a las empresas extranjeras\u201d, dijo y a\u00f1adi\u00f3: \u201cEstamos demostrando la incapacidad que tenemos los actores de la pol\u00edtica catamarque\u00f1a de administrar nuestra provincia a pesar de los atributos que nos dio la Constituci\u00f3n Nacional. Siempre se ha reclamado mayor apertura y federalismo para las provincias y resulta que cuando lo tenemos, vamos a pasar 30 a\u00f1os m\u00e1s con un r\u00e9gimen de incentivo a las grandes inversiones que no van a pagar tributos locales, ni derechos de exportaci\u00f3n y van a depredar los recursos h\u00eddricos\u201d.<\/p>\n<p>\u00c1vila se meti\u00f3 en la interna del oficialismo en torno al RIGI, al advertir que hay varios diputados que est\u00e1n en contra del proyecto. \u201cEscuch\u00e9 manifestaciones en contra del RIGI de parte de las diputadas Claudia Paladino, de Natalia Ponferrada, Adriana D\u00edaz, entre otros. Considero de que hay muchos legisladores del propio oficialismo que no est\u00e1n de acuerdo, por lo que me parece que el \u00e1rbitro final va a terminar siendo el bloque de la UCR\u201d, sostuvo.<\/p>\n<p>Tambi\u00e9n apunt\u00f3 contra los equipos t\u00e9cnicos del Gobierno y contra la conducci\u00f3n del bloque por el tema RIGI. \u201cLos diputados libertarios han presentado el proyecto del RIGI primero y si sale ese proyecto el presidente de hecho del bloque del oficialismo pasa a ser Adri\u00e1n Brizuela y ya deja de ser Aguirre. Ellos (por los libertarios), no solo lo han presentado primero, sino que tambi\u00e9n lo han presentado bien y completo\u201d, chicane\u00f3 el legislador.<\/p>\n<p>\u201cParece que el que est\u00e1 haciendo bien la tarea para el Gobierno es el bloque de La Libertad Avanza y no la parte de Asesor\u00eda Legal o del Ministerio de Gobierno. No s\u00e9 qui\u00e9nes son los que redactan los proyectos del Ejecutivo que se env\u00edan a la Legislatura que vienen mal, pero muy mal en los \u00faltimos tiempos\u201d<\/p>\n","protected":false},"excerpt":{"rendered":"<p>El diputado Hugo \u00c1vila (Frente Amplio Catamarque\u00f1o) insisti\u00f3 en que el proyecto del Ejecutivo para adherir el RIGI debe ser<\/p>\n","protected":false},"author":2,"featured_media":16927,"comment_status":"closed","ping_status":"closed","sticky":false,"template":"","format":"standard","meta":{"footnotes":"","jetpack_publicize_message":"","jetpack_publicize_feature_enabled":true,"jetpack_social_post_already_shared":true,"jetpack_social_options":{"image_generator_settings":{"template":"highway","enabled":false},"version":2}},"categories":[12],"tags":[],"class_list":["post-16922","post","type-post","status-publish","format-standard","has-post-thumbnail","hentry","category-politica"],"jetpack_publicize_connections":[],"_links":{"self":[{"href":"https:\/\/diariorepublica.com.ar\/web\/index.php\/wp-json\/wp\/v2\/posts\/16922"}],"collection":[{"href":"https:\/\/diariorepublica.com.ar\/web\/index.php\/wp-json\/wp\/v2\/posts"}],"about":[{"href":"https:\/\/diariorepublica.com.ar\/web\/index.php\/wp-json\/wp\/v2\/types\/post"}],"author":[{"embeddable":true,"href":"https:\/\/diariorepublica.com.ar\/web\/index.php\/wp-json\/wp\/v2\/users\/2"}],"replies":[{"embeddable":true,"href":"https:\/\/diariorepublica.com.ar\/web\/index.php\/wp-json\/wp\/v2\/comments?post=16922"}],"version-history":[{"count":1,"href":"https:\/\/diariorepublica.com.ar\/web\/index.php\/wp-json\/wp\/v2\/posts\/16922\/revisions"}],"predecessor-version":[{"id":16928,"href":"https:\/\/diariorepublica.com.ar\/web\/index.php\/wp-json\/wp\/v2\/posts\/16922\/revisions\/16928"}],"wp:featuredmedia":[{"embeddable":true,"href":"https:\/\/diariorepublica.com.ar\/web\/index.php\/wp-json\/wp\/v2\/media\/16927"}],"wp:attachment":[{"href":"https:\/\/diariorepublica.com.ar\/web\/index.php\/wp-json\/wp\/v2\/media?parent=16922"}],"wp:term":[{"taxonomy":"category","embeddable":true,"href":"https:\/\/diariorepublica.com.ar\/web\/index.php\/wp-json\/wp\/v2\/categories?post=16922"},{"taxonomy":"post_tag","embeddable":true,"href":"https:\/\/diariorepublica.com.ar\/web\/index.php\/wp-json\/wp\/v2\/tags?post=16922"}],"curies":[{"name":"wp","href":"https:\/\/api.w.org\/{rel}","templated":true}]}}