{"id":16923,"date":"2024-07-26T07:50:00","date_gmt":"2024-07-26T10:50:00","guid":{"rendered":"https:\/\/diariorepublica.com.ar\/web\/?p=16923"},"modified":"2024-07-26T08:28:04","modified_gmt":"2024-07-26T11:28:04","slug":"milei-se-reunio-con-macron-en-la-antesala-de-la-fiesta-de-apertura-de-los-juegos-olimpicos","status":"publish","type":"post","link":"https:\/\/diariorepublica.com.ar\/web\/index.php\/politica\/2024\/07\/26\/milei-se-reunio-con-macron-en-la-antesala-de-la-fiesta-de-apertura-de-los-juegos-olimpicos\/","title":{"rendered":"Milei se reuni\u00f3 con Macron en la antesala de la fiesta de apertura de los Juegos Ol\u00edmpicos"},"content":{"rendered":"<p class=\"com-paragraph  --capital --s\">PAR\u00cdS.- El\u00a0presidente\u00a0<strong>Javier Milei<\/strong>\u00a0mantuvo este viernes por la ma\u00f1ana una\u00a0<strong>reuni\u00f3n bilateral\u00a0<\/strong>con su par franc\u00e9s\u00a0<strong>Emmanuel Macron<\/strong>\u00a0en el Palacio del El\u00edseo, la sede del gobierno galo. El encuentro se desarroll\u00f3 en la antesala de la fiesta de inauguraci\u00f3n de los\u00a0<strong>Juegos Ol\u00edmpicos de Par\u00eds<\/strong>, a la que el mandatario argentino concurrir\u00e1 acompa\u00f1ado de su hermana, la secretaria general de la Presidencia,\u00a0<strong>Karina Milei<\/strong>.<\/p>\n<p class=\"com-paragraph   --s\">El jefe de Estado fue recibido por Macron por unos quince minutos, en medio de un aut\u00e9ntico desfile de presidentes por el El\u00edseo, antes de que se trasladaran a la vera del<strong>\u00a0r\u00edo Sena<\/strong>\u00a0para la apertura oficial de la cita ol\u00edmpica. En la delegaci\u00f3n argentina adem\u00e1s de Karina Milei estuvieron el embajador argentino en Francia,\u00a0<strong>Ian Sielecki<\/strong>; y su par en Estados Unidos\u00a0<strong>Gerardo Werthein<\/strong>.<\/p>\n<p class=\"com-paragraph   --s\">El cara a cara entre ambos pa\u00edses se da luego de las tensiones desatadas la semana pasada por el esc\u00e1ndalo de los\u00a0<strong>c\u00e1nticos racistas contra Francia<\/strong>\u00a0de la selecci\u00f3n argentina, viralizados por el jugador\u00a0<strong>Enzo Fern\u00e1ndez,<\/strong>\u00a0episodio que escal\u00f3 a pol\u00edtico cuando la vicepresidenta\u00a0<strong>Victoria Villarruel<\/strong>\u00a0public\u00f3 un mensaje en que llam\u00f3 al pa\u00eds gobernado por Macron \u201ccolonialista\u201d y despu\u00e9s de que la secretaria de la Presidencia se dirigiera a la embajada para bajar el tono a esas palabras.<\/p>\n<p class=\"com-paragraph   --s\">Si bien por el momento rige un estricto secreto sobre el temario concreto del encuentro con Macron, el di\u00e1logo entre ambos pudo referirse al paralizado\u00a0<strong>acuerdo de libre comercio\u00a0<\/strong>entre la\u00a0<strong>Uni\u00f3n Europea<\/strong>\u00a0(EU) y el<strong>\u00a0Mercosur<\/strong>, la posibilidad de inversiones y \u201cotro tema que impulsa la administraci\u00f3n Milei desde la aprobaci\u00f3n de la Ley de Bases: la creaci\u00f3n de\u00a0<strong>Sociedades An\u00f3nimas Deportivas<\/strong>\u00a0(SAD)\u201d, deslizaron fuentes del Gobierno argentino.<\/p>\n<p>El m\u00e1ximo impulsor de las SAD, el secretario\u00a0<strong>Scioli<\/strong>, arrib\u00f3 a Par\u00eds junto a\u00a0<strong>Di\u00f3genes de Urquiza<\/strong>, quien reemplaz\u00f3 al despedido\u00a0<strong>Julio Garro<\/strong>\u00a0en medio de la crisis interna que provoc\u00f3 en el Gobierno el cortocircuito entre Milei y\u00a0<strong>Villarruel<\/strong>.<\/p>\n<p>lanacion.acom.ar<\/p>\n","protected":false},"excerpt":{"rendered":"<p>PAR\u00cdS.- El\u00a0presidente\u00a0Javier Milei\u00a0mantuvo este viernes por la ma\u00f1ana una\u00a0reuni\u00f3n bilateral\u00a0con su par franc\u00e9s\u00a0Emmanuel Macron\u00a0en el Palacio del El\u00edseo, la sede<\/p>\n","protected":false},"author":1,"featured_media":16924,"comment_status":"closed","ping_status":"closed","sticky":false,"template":"","format":"standard","meta":{"footnotes":"","jetpack_publicize_message":"","jetpack_publicize_feature_enabled":true,"jetpack_social_post_already_shared":true,"jetpack_social_options":{"image_generator_settings":{"template":"highway","enabled":false},"version":2}},"categories":[12],"tags":[],"class_list":["post-16923","post","type-post","status-publish","format-standard","has-post-thumbnail","hentry","category-politica"],"jetpack_publicize_connections":[],"_links":{"self":[{"href":"https:\/\/diariorepublica.com.ar\/web\/index.php\/wp-json\/wp\/v2\/posts\/16923"}],"collection":[{"href":"https:\/\/diariorepublica.com.ar\/web\/index.php\/wp-json\/wp\/v2\/posts"}],"about":[{"href":"https:\/\/diariorepublica.com.ar\/web\/index.php\/wp-json\/wp\/v2\/types\/post"}],"author":[{"embeddable":true,"href":"https:\/\/diariorepublica.com.ar\/web\/index.php\/wp-json\/wp\/v2\/users\/1"}],"replies":[{"embeddable":true,"href":"https:\/\/diariorepublica.com.ar\/web\/index.php\/wp-json\/wp\/v2\/comments?post=16923"}],"version-history":[{"count":2,"href":"https:\/\/diariorepublica.com.ar\/web\/index.php\/wp-json\/wp\/v2\/posts\/16923\/revisions"}],"predecessor-version":[{"id":16926,"href":"https:\/\/diariorepublica.com.ar\/web\/index.php\/wp-json\/wp\/v2\/posts\/16923\/revisions\/16926"}],"wp:featuredmedia":[{"embeddable":true,"href":"https:\/\/diariorepublica.com.ar\/web\/index.php\/wp-json\/wp\/v2\/media\/16924"}],"wp:attachment":[{"href":"https:\/\/diariorepublica.com.ar\/web\/index.php\/wp-json\/wp\/v2\/media?parent=16923"}],"wp:term":[{"taxonomy":"category","embeddable":true,"href":"https:\/\/diariorepublica.com.ar\/web\/index.php\/wp-json\/wp\/v2\/categories?post=16923"},{"taxonomy":"post_tag","embeddable":true,"href":"https:\/\/diariorepublica.com.ar\/web\/index.php\/wp-json\/wp\/v2\/tags?post=16923"}],"curies":[{"name":"wp","href":"https:\/\/api.w.org\/{rel}","templated":true}]}}