{"id":16929,"date":"2024-07-26T08:34:25","date_gmt":"2024-07-26T11:34:25","guid":{"rendered":"https:\/\/diariorepublica.com.ar\/web\/?p=16929"},"modified":"2024-07-26T08:34:26","modified_gmt":"2024-07-26T11:34:26","slug":"ipv-brindo-detalles-sobre-el-programa-ahorro-previo","status":"publish","type":"post","link":"https:\/\/diariorepublica.com.ar\/web\/index.php\/sociedad\/2024\/07\/26\/ipv-brindo-detalles-sobre-el-programa-ahorro-previo\/","title":{"rendered":"<strong>IPV brind\u00f3 detalles sobre el programa \u00a0\u201cAhorro Previo\u201d<\/strong>"},"content":{"rendered":"<p>El administrador del Instituto Provincial de la Vivienda, Alberto Barrionuevo, dio detalles del nuevo programa que lanz\u00f3 el organismo denominado \u201cAhorro Previo\u201d, que tiene como fin la construcci\u00f3n de viviendas en terrenos propios de las personas interesadas. El programa se lanz\u00f3 d\u00edas atr\u00e1s, luego de concretarse otro plan que ten\u00eda como fin la licitaci\u00f3n privada para 68 viviendas que se construyen en el norte de la Capital.<\/p>\n<p>En este sentido, el funcionario provincial indic\u00f3 que un requisito fundamental para poder acceder a este programa de construcci\u00f3n de viviendas es estar inscripto en el IPV, poseer el t\u00edtulo y un certificado de no inundabilidad del terreno.<\/p>\n<p>Barrionuevo explic\u00f3 que si un postulante con terreno desea ingresar al plan debe \u201cabonar o ahorrar el 30% del valor de una vivienda prototipo del IPV dependiendo de los metros cuadrados que se escojan\u201d, y que una vez que el beneficiario llega a ese 30% \u201cel IPV comienza a construirle su vivienda en terreno propio, que bien se culmina, se inicia con el plan de pago de lo que le quedar\u00eda abonar por la vivienda. Seg\u00fan se\u00f1al\u00f3, pueden ser hasta 192 cuotas por un monto m\u00ednimo de 250 mil pesos aproximadamente.<\/p>\n<p>Aclar\u00f3 que en la Capital \u201chay un padr\u00f3n de 15 mil familias que est\u00e1n esperando su casa\u201d y que por una resoluci\u00f3n interna que tiene medio a\u00f1o \u201cse exigen cuatro a\u00f1os m\u00ednimos de inscripci\u00f3n\u201d, y que en el plan \u201cAhorro Previo\u201d solo se pide que la persona est\u00e9 inscripta. \u201cEstamos en un contexto general complicado y estas propuestas apuntan a que el IPV brinde soluciones a las familias y tambi\u00e9n piense en el recupero en la cuota, porque ese ingreso nos sigue permitiendo solucionar los problemas de otras familias que necesitan su casa\u201d<\/p>\n","protected":false},"excerpt":{"rendered":"<p>El administrador del Instituto Provincial de la Vivienda, Alberto Barrionuevo, dio detalles del nuevo programa que lanz\u00f3 el organismo denominado<\/p>\n","protected":false},"author":2,"featured_media":16931,"comment_status":"closed","ping_status":"closed","sticky":false,"template":"","format":"standard","meta":{"footnotes":"","jetpack_publicize_message":"","jetpack_publicize_feature_enabled":true,"jetpack_social_post_already_shared":true,"jetpack_social_options":{"image_generator_settings":{"template":"highway","enabled":false},"version":2}},"categories":[3],"tags":[],"class_list":["post-16929","post","type-post","status-publish","format-standard","has-post-thumbnail","hentry","category-sociedad"],"jetpack_publicize_connections":[],"_links":{"self":[{"href":"https:\/\/diariorepublica.com.ar\/web\/index.php\/wp-json\/wp\/v2\/posts\/16929"}],"collection":[{"href":"https:\/\/diariorepublica.com.ar\/web\/index.php\/wp-json\/wp\/v2\/posts"}],"about":[{"href":"https:\/\/diariorepublica.com.ar\/web\/index.php\/wp-json\/wp\/v2\/types\/post"}],"author":[{"embeddable":true,"href":"https:\/\/diariorepublica.com.ar\/web\/index.php\/wp-json\/wp\/v2\/users\/2"}],"replies":[{"embeddable":true,"href":"https:\/\/diariorepublica.com.ar\/web\/index.php\/wp-json\/wp\/v2\/comments?post=16929"}],"version-history":[{"count":1,"href":"https:\/\/diariorepublica.com.ar\/web\/index.php\/wp-json\/wp\/v2\/posts\/16929\/revisions"}],"predecessor-version":[{"id":16932,"href":"https:\/\/diariorepublica.com.ar\/web\/index.php\/wp-json\/wp\/v2\/posts\/16929\/revisions\/16932"}],"wp:featuredmedia":[{"embeddable":true,"href":"https:\/\/diariorepublica.com.ar\/web\/index.php\/wp-json\/wp\/v2\/media\/16931"}],"wp:attachment":[{"href":"https:\/\/diariorepublica.com.ar\/web\/index.php\/wp-json\/wp\/v2\/media?parent=16929"}],"wp:term":[{"taxonomy":"category","embeddable":true,"href":"https:\/\/diariorepublica.com.ar\/web\/index.php\/wp-json\/wp\/v2\/categories?post=16929"},{"taxonomy":"post_tag","embeddable":true,"href":"https:\/\/diariorepublica.com.ar\/web\/index.php\/wp-json\/wp\/v2\/tags?post=16929"}],"curies":[{"name":"wp","href":"https:\/\/api.w.org\/{rel}","templated":true}]}}