{"id":17012,"date":"2024-07-31T00:17:00","date_gmt":"2024-07-31T03:17:00","guid":{"rendered":"https:\/\/diariorepublica.com.ar\/web\/?p=17012"},"modified":"2024-07-31T08:19:23","modified_gmt":"2024-07-31T11:19:23","slug":"venezuela-al-menos-once-muertos-en-medio-de-las-protestas","status":"publish","type":"post","link":"https:\/\/diariorepublica.com.ar\/web\/index.php\/internacionales\/2024\/07\/31\/venezuela-al-menos-once-muertos-en-medio-de-las-protestas\/","title":{"rendered":"Venezuela: al menos once muertos en medio de las protestas"},"content":{"rendered":"<article id=\"article-post\" class=\"first\">\n<div class=\"cuerpo\" data-twitter-link=\"https:\/\/twitter.com\/intent\/tweet?url=https:\/\/www.diariopopular.com.ar\/c798475&amp;via=poopulardiario&amp;related=Popular&amp;text=\">\n<p>Al menos 11 personas fallecieron el lunes en\u00a0<strong>Venezuela\u00a0<\/strong>en el marco de las protestas desatadas en rechazo al resultado oficial de las elecciones presidenciales del domingo, seg\u00fan cuatro organizaciones no gubernamentales, cifra que casi duplica la ofrecida m\u00e1s temprano por el Foro Penal, que lidera la defensa de los considerados presos pol\u00edticos en el pa\u00eds.<\/p>\n<\/div>\n<\/article>\n<article id=\"article-post\">\n<div class=\"cuerpo\" data-twitter-link=\"https:\/\/twitter.com\/intent\/tweet?url=https:\/\/www.diariopopular.com.ar\/c798475&amp;via=poopulardiario&amp;related=Popular&amp;text=\">\n<p>Del total, cinco fueron asesinadas en Caracas, dos en el estado Zulia (noroeste), dos en Yaracuy (oeste), una en Aragua (norte) y otra en T\u00e1chira (oeste), y dos de ellas eran menores de edad, de 15 y 16 a\u00f1os, indicaron desde Foro Penal, Justicia, Encuentro y Perd\u00f3n (JEP), Provea y Laboratorio de Paz en una rueda de prensa.<\/p>\n<p>Desde este lunes, ha habido m\u00faltiples protestas en Caracas y buena parte del pa\u00eds en rechazo a los resultados brindados por el Consejo Nacional Electoral (CNE) -que otorga una victoria al mandatario\u00a0<strong>Nicol\u00e1s Maduro-<\/strong>, acciones respondidas, en algunos casos, con represi\u00f3n por parte de cuerpos policiales y militares.<\/p>\n<p>Las ONG, que exigieron una investigaci\u00f3n, dijeron estar \u00abpreocupadas enormemente\u00bb por \u00abel uso de armas de fuego en estas manifestaciones\u00bb.<\/p>\n<p>Por otra parte, Foro Penal indic\u00f3 que, hasta las 15:00 hora local (19:00 GMT) de este martes, comput\u00f3 177 detenciones, la mayor\u00eda en Caracas, con 38; seguido del estado Barinas (oeste), con 27; y Zulia, con 19.<\/p>\n<p>La agencia EFE constat\u00f3 que este martes continuaron las detenciones, durante enfrentamientos entre manifestantes y funcionarios de seguridad, poco despu\u00e9s de finalizar una concentraci\u00f3n de la oposici\u00f3n mayoritaria en Caracas a la que acudieron miles de personas.<\/p>\n<p>La coordinadora del Laboratorio de Paz, Lexys Rend\u00f3n, dijo que registraron un total de 210 \u00abprotestas espont\u00e1neas\u00bb en \u00abtodo el pa\u00eds\u00bb, lo que fue respondido -denunci\u00f3- con \u00abuna actuaci\u00f3n represiva por parte del Estado venezolano\u00bb.<\/p>\n<p>En este sentido, se\u00f1al\u00f3 que efectivos de la Guardia Nacional Bolivariana (GNB, polic\u00eda militarizada) y agentes de la Polic\u00eda Nacional Bolivariana (PNB), adem\u00e1s de \u00abcolectivos armados vinculados al Estado\u00bb, generaron \u00abuna ola represiva\u00bb, por lo que exigi\u00f3 el respeto al derecho a la manifestaci\u00f3n pac\u00edfica.<\/p>\n<p>La oposici\u00f3n mayoritaria se\u00f1ala estas manifestaciones como \u00abexpresiones espont\u00e1neas y leg\u00edtimas\u00bb, mientras que el Gobierno las tacha de \u00abcriminales\u00bb y \u00abterroristas\u00bb, a la vez que denuncia un golpe de Estado \u00abfraguado nuevamente\u00bb por \u00abfactores fascistas de derecha extremista\u00bb.<\/p>\n<p>El Ministerio P\u00fablico (MP, Fiscal\u00eda), que investiga un supuesto plan de personas vinculadas a la oposici\u00f3n mayoritaria para adulterar los resultados electorales, contabiliza 749 detenciones<\/p>\n<h6>\u00abLos vamos a joder\u00bb, amenaza Diosdado Cabello a los l\u00edderes de la oposici\u00f3n mayoritaria<\/h6>\n<p>El l\u00edder chavista Diosdado Cabello amenaz\u00f3 este martes a miembros de la oposici\u00f3n mayoritaria de Venezuela, entre ellos al candidato presidencial de este sector, Edmundo Gonz\u00e1lez Urrutia, y a su valedora Mar\u00eda Corina Machado, con que los van \u00aba joder\u00bb, luego de que ambos pol\u00edticos rechazaran la victoria otorgada por el ente electoral a Nicol\u00e1s Maduro en las presidenciales del domingo.<\/p>\n<p>En una sesi\u00f3n del Parlamento, el diputado advirti\u00f3 que Machado y Gonz\u00e1lez Urrutia, adem\u00e1s de los antichavistas Leopoldo L\u00f3pez, Julio Borges, Carlos Vecchio, Henrique Capriles, Antonio Ledezma, Henry Ramos Allup y Carlos Ocariz, \u00abser\u00e1n acusados ante las autoridades competentes por los m\u00e1s altos delitos, y no habr\u00e1 beneficios para ninguno\u00bb.<\/p>\n<p>\u00abNo nos vamos a detener, y si quieren provocarnos, les voy a decir algo, vamos a caer en la provocaci\u00f3n, pero los vamos a joder, los vamos a joder\u00bb, insisti\u00f3 Cabello, primer vicepresidente del gobernante Partido Socialista Unido (PSUV), quien asegur\u00f3 que les van a \u00abdar la lecci\u00f3n de las lecciones\u00bb y los van \u00aba agarrar\u00bb.<\/p>\n<p>Adem\u00e1s, el oficialista llam\u00f3 \u00abviejito miserable\u00bb y \u00abrata sin escr\u00fapulos\u00bb a Gonz\u00e1lez Urrutia, a quien acus\u00f3 de ser un \u00abagente de la CIA (Agencia Central de Inteligencia de Estados Unidos)\u00bb y de haber estado \u00abacostumbrado a asesinar gente en El Salvador\u00bb, sin mostrar prueba alguna.<\/p>\n<\/div>\n<\/article>\n","protected":false},"excerpt":{"rendered":"<p>Al menos 11 personas fallecieron el lunes en\u00a0Venezuela\u00a0en el marco de las protestas desatadas en rechazo al resultado oficial de<\/p>\n","protected":false},"author":1,"featured_media":17013,"comment_status":"closed","ping_status":"closed","sticky":false,"template":"","format":"standard","meta":{"footnotes":"","jetpack_publicize_message":"","jetpack_publicize_feature_enabled":true,"jetpack_social_post_already_shared":true,"jetpack_social_options":{"image_generator_settings":{"template":"highway","enabled":false},"version":2}},"categories":[6],"tags":[],"class_list":["post-17012","post","type-post","status-publish","format-standard","has-post-thumbnail","hentry","category-internacionales"],"jetpack_publicize_connections":[],"_links":{"self":[{"href":"https:\/\/diariorepublica.com.ar\/web\/index.php\/wp-json\/wp\/v2\/posts\/17012"}],"collection":[{"href":"https:\/\/diariorepublica.com.ar\/web\/index.php\/wp-json\/wp\/v2\/posts"}],"about":[{"href":"https:\/\/diariorepublica.com.ar\/web\/index.php\/wp-json\/wp\/v2\/types\/post"}],"author":[{"embeddable":true,"href":"https:\/\/diariorepublica.com.ar\/web\/index.php\/wp-json\/wp\/v2\/users\/1"}],"replies":[{"embeddable":true,"href":"https:\/\/diariorepublica.com.ar\/web\/index.php\/wp-json\/wp\/v2\/comments?post=17012"}],"version-history":[{"count":1,"href":"https:\/\/diariorepublica.com.ar\/web\/index.php\/wp-json\/wp\/v2\/posts\/17012\/revisions"}],"predecessor-version":[{"id":17014,"href":"https:\/\/diariorepublica.com.ar\/web\/index.php\/wp-json\/wp\/v2\/posts\/17012\/revisions\/17014"}],"wp:featuredmedia":[{"embeddable":true,"href":"https:\/\/diariorepublica.com.ar\/web\/index.php\/wp-json\/wp\/v2\/media\/17013"}],"wp:attachment":[{"href":"https:\/\/diariorepublica.com.ar\/web\/index.php\/wp-json\/wp\/v2\/media?parent=17012"}],"wp:term":[{"taxonomy":"category","embeddable":true,"href":"https:\/\/diariorepublica.com.ar\/web\/index.php\/wp-json\/wp\/v2\/categories?post=17012"},{"taxonomy":"post_tag","embeddable":true,"href":"https:\/\/diariorepublica.com.ar\/web\/index.php\/wp-json\/wp\/v2\/tags?post=17012"}],"curies":[{"name":"wp","href":"https:\/\/api.w.org\/{rel}","templated":true}]}}