{"id":17055,"date":"2024-08-01T07:04:00","date_gmt":"2024-08-01T10:04:00","guid":{"rendered":"https:\/\/diariorepublica.com.ar\/web\/?p=17055"},"modified":"2024-08-01T08:06:33","modified_gmt":"2024-08-01T11:06:33","slug":"no-hubo-consenso-en-la-oea-para-instar-a-venezuela-a-publicar-las-actas-electorales","status":"publish","type":"post","link":"https:\/\/diariorepublica.com.ar\/web\/index.php\/internacionales\/2024\/08\/01\/no-hubo-consenso-en-la-oea-para-instar-a-venezuela-a-publicar-las-actas-electorales\/","title":{"rendered":"No hubo consenso en la OEA para instar a Venezuela a publicar las actas electorales"},"content":{"rendered":"<p>La Consejo Permanente de la OEA se reuni\u00f3 este mi\u00e9rcoles para resolver c\u00f3mo proceder tras las acusaciones de fraude en las elecciones en Venezuela. Sin embargo, los 34 pa\u00edses americanos que componen el organismo no lograron alcanzar un consenso para exigir transparencia al gobierno de Nicol\u00e1s Maduro para publicar los datos de las actas.<\/p>\n<p>La propuesta obtuvo 17 votos a favor, cero en contra y 11 abstenciones entre los Estados que participaron a la reuni\u00f3n extraordinaria. Adem\u00e1s, hubo cinco miembros ausentes, entre ellos Venezuela.<\/p>\n<article class=\"article-body article-body--third-paragraph content-protected-false\"><strong>Colombia y Brasil\u00a0<\/strong>fueron algunos de los pa\u00edses destacados que decidieron abstenerse, a pesar de que sus mandatarios hubieran reclamado horas antes la publicaci\u00f3n de las actas electorales del domingo para\u00a0<strong>aclarar cualquier duda sobre los comicios.<\/strong><\/p>\n<\/article>\n<article class=\"article-body article-body--fourth-paragraph content-protected-false\">El presidente\u00a0<strong>Javier Milei<\/strong>\u00a0apunt\u00f3 fuerte contra ellos en sus redes sociales: \u00abQueda claro que esos que me cuestionaban son c\u00f3mplices\u00bb.<\/p>\n<\/article>\n<article class=\"article-body article-body--remaining-paragraph content-protected-false\">\u00abAlgunos imb\u00e9ciles me acusaron de loco por ver comunismo en todos lados. Otros desde la correcci\u00f3n pol\u00edtica dec\u00edan que ya no existe m\u00e1s el comunismo y que soy un exagerado. En el fondo,<strong>\u00a0hoy no s\u00f3lo se prueba que tengo raz\u00f3n en la agenda internacional que se\u00f1alo sino que adem\u00e1s queda claro que esos que me cuestionaban son c\u00f3mplices<\/strong>, ya sea por ignorantes y\/o por est\u00fapidos\u00bb, lanz\u00f3 el mandatario contra\u00a0<strong>Lula da Silva, Gustavo Petro y Andr\u00e9s L\u00f3pez Obrador.<\/strong><\/p>\n<div id=\"embed6636_wrap\" class=\"embed_cont type_freetext\" contenteditable=\"false\" data-provider=\"Twitter\">\n<div id=\"embed6636_content\" class=\"embed_content\">\n<div id=\"embed6636_embed\">\n<div class=\"twitter-tweet twitter-tweet-rendered\"><iframe id=\"twitter-widget-0\" class=\"\" title=\"X Post\" src=\"https:\/\/platform.twitter.com\/embed\/Tweet.html?creatorScreenName=Ambitocom&amp;dnt=false&amp;embedId=twitter-widget-0&amp;features=eyJ0ZndfdGltZWxpbmVfbGlzdCI6eyJidWNrZXQiOltdLCJ2ZXJzaW9uIjpudWxsfSwidGZ3X2ZvbGxvd2VyX2NvdW50X3N1bnNldCI6eyJidWNrZXQiOnRydWUsInZlcnNpb24iOm51bGx9LCJ0ZndfdHdlZXRfZWRpdF9iYWNrZW5kIjp7ImJ1Y2tldCI6Im9uIiwidmVyc2lvbiI6bnVsbH0sInRmd19yZWZzcmNfc2Vzc2lvbiI6eyJidWNrZXQiOiJvbiIsInZlcnNpb24iOm51bGx9LCJ0ZndfZm9zbnJfc29mdF9pbnRlcnZlbnRpb25zX2VuYWJsZWQiOnsiYnVja2V0Ijoib24iLCJ2ZXJzaW9uIjpudWxsfSwidGZ3X21peGVkX21lZGlhXzE1ODk3Ijp7ImJ1Y2tldCI6InRyZWF0bWVudCIsInZlcnNpb24iOm51bGx9LCJ0ZndfZXhwZXJpbWVudHNfY29va2llX2V4cGlyYXRpb24iOnsiYnVja2V0IjoxMjA5NjAwLCJ2ZXJzaW9uIjpudWxsfSwidGZ3X3Nob3dfYmlyZHdhdGNoX3Bpdm90c19lbmFibGVkIjp7ImJ1Y2tldCI6Im9uIiwidmVyc2lvbiI6bnVsbH0sInRmd19kdXBsaWNhdGVfc2NyaWJlc190b19zZXR0aW5ncyI6eyJidWNrZXQiOiJvbiIsInZlcnNpb24iOm51bGx9LCJ0ZndfdXNlX3Byb2ZpbGVfaW1hZ2Vfc2hhcGVfZW5hYmxlZCI6eyJidWNrZXQiOiJvbiIsInZlcnNpb24iOm51bGx9LCJ0ZndfdmlkZW9faGxzX2R5bmFtaWNfbWFuaWZlc3RzXzE1MDgyIjp7ImJ1Y2tldCI6InRydWVfYml0cmF0ZSIsInZlcnNpb24iOm51bGx9LCJ0ZndfbGVnYWN5X3RpbWVsaW5lX3N1bnNldCI6eyJidWNrZXQiOnRydWUsInZlcnNpb24iOm51bGx9LCJ0ZndfdHdlZXRfZWRpdF9mcm9udGVuZCI6eyJidWNrZXQiOiJvbiIsInZlcnNpb24iOm51bGx9fQ%3D%3D&amp;frame=false&amp;hideCard=false&amp;hideThread=false&amp;id=1818788932869337164&amp;lang=es&amp;origin=https%3A%2F%2Fwww.ambito.com%2Fmundo%2Fno-hubo-consenso-la-oea-instar-venezuela-publicar-las-actas-electorales-n6042218&amp;sessionId=a5a929a2cb54a9bfd5d49bf498f15a2c85506046&amp;siteScreenName=Ambitocom&amp;theme=light&amp;widgetsVersion=2615f7e52b7e0%3A1702314776716&amp;width=550px\" frameborder=\"0\" scrolling=\"no\" allowfullscreen=\"allowfullscreen\" data-tweet-id=\"1818788932869337164\" data-mce-fragment=\"1\"><\/iframe><\/div>\n<\/div>\n<\/div>\n<\/div>\n<p>Los 17 pa\u00edses que votaron a favor de la resoluci\u00f3n del Consejo Permanente fueron: Argentina, Canad\u00e1, Chile, Costa Rica, Ecuador, El Salvador, Estados Unidos, Guatemala, Guyana, Hait\u00ed, Jamaica, Panam\u00e1, Paraguay, Per\u00fa, Rep\u00fablica Dominicana, Surinam y Uruguay.<\/p>\n<p>Y las 11 abstenciones fueron Antigua y Barbuda, Barbados, Belice, Bolivia, Brasil, Colombia, Dominica, Granada, Honduras, San Crist\u00f3bal y Nieves, y Santa Luc\u00eda.<\/p>\n<\/article>\n","protected":false},"excerpt":{"rendered":"<p>La Consejo Permanente de la OEA se reuni\u00f3 este mi\u00e9rcoles para resolver c\u00f3mo proceder tras las acusaciones de fraude en<\/p>\n","protected":false},"author":1,"featured_media":17056,"comment_status":"closed","ping_status":"closed","sticky":false,"template":"","format":"standard","meta":{"footnotes":"","jetpack_publicize_message":"","jetpack_publicize_feature_enabled":true,"jetpack_social_post_already_shared":true,"jetpack_social_options":{"image_generator_settings":{"template":"highway","enabled":false},"version":2}},"categories":[6],"tags":[],"class_list":["post-17055","post","type-post","status-publish","format-standard","has-post-thumbnail","hentry","category-internacionales"],"jetpack_publicize_connections":[],"_links":{"self":[{"href":"https:\/\/diariorepublica.com.ar\/web\/index.php\/wp-json\/wp\/v2\/posts\/17055"}],"collection":[{"href":"https:\/\/diariorepublica.com.ar\/web\/index.php\/wp-json\/wp\/v2\/posts"}],"about":[{"href":"https:\/\/diariorepublica.com.ar\/web\/index.php\/wp-json\/wp\/v2\/types\/post"}],"author":[{"embeddable":true,"href":"https:\/\/diariorepublica.com.ar\/web\/index.php\/wp-json\/wp\/v2\/users\/1"}],"replies":[{"embeddable":true,"href":"https:\/\/diariorepublica.com.ar\/web\/index.php\/wp-json\/wp\/v2\/comments?post=17055"}],"version-history":[{"count":1,"href":"https:\/\/diariorepublica.com.ar\/web\/index.php\/wp-json\/wp\/v2\/posts\/17055\/revisions"}],"predecessor-version":[{"id":17057,"href":"https:\/\/diariorepublica.com.ar\/web\/index.php\/wp-json\/wp\/v2\/posts\/17055\/revisions\/17057"}],"wp:featuredmedia":[{"embeddable":true,"href":"https:\/\/diariorepublica.com.ar\/web\/index.php\/wp-json\/wp\/v2\/media\/17056"}],"wp:attachment":[{"href":"https:\/\/diariorepublica.com.ar\/web\/index.php\/wp-json\/wp\/v2\/media?parent=17055"}],"wp:term":[{"taxonomy":"category","embeddable":true,"href":"https:\/\/diariorepublica.com.ar\/web\/index.php\/wp-json\/wp\/v2\/categories?post=17055"},{"taxonomy":"post_tag","embeddable":true,"href":"https:\/\/diariorepublica.com.ar\/web\/index.php\/wp-json\/wp\/v2\/tags?post=17055"}],"curies":[{"name":"wp","href":"https:\/\/api.w.org\/{rel}","templated":true}]}}