{"id":17058,"date":"2024-08-01T09:07:00","date_gmt":"2024-08-01T12:07:00","guid":{"rendered":"https:\/\/diariorepublica.com.ar\/web\/?p=17058"},"modified":"2024-08-01T08:08:53","modified_gmt":"2024-08-01T11:08:53","slug":"milei-hara-la-semana-proxima-su-primera-visita-a-un-pais-sudamericano-viajara-a-chile","status":"publish","type":"post","link":"https:\/\/diariorepublica.com.ar\/web\/index.php\/politica\/2024\/08\/01\/milei-hara-la-semana-proxima-su-primera-visita-a-un-pais-sudamericano-viajara-a-chile\/","title":{"rendered":"Milei har\u00e1 la semana pr\u00f3xima su primera visita a un pa\u00eds sudamericano: viajar\u00e1 a Chile"},"content":{"rendered":"<p>El presidente\u00a0<strong>Javier Milei viajar\u00e1 el jueves 8 de agosto a Chile<\/strong>\u00a0para participar junto a su\u00a0par Gabriel Boric del acto por los 40 a\u00f1os del<strong>\u00a0Tratado de Paz y Amistad\u00a0<\/strong>entre ambas naciones. Ser\u00e1 el primer viaje del mandatario argentino a un pa\u00eds sudamericano.<\/p>\n<p><strong>Milei,<\/strong>\u00a0<strong>m\u00e1s temprano, visitar\u00e1 ese d\u00eda Vaca Muerta en el marco de un recorrido por varias estaciones hidrocarbur\u00edferas fronterizas a la altura de Neuqu\u00e9n, y terminar\u00e1 la jornada por la\u00a0<\/strong><strong>tarde en Santiago de Chile.<\/strong><\/p>\n<p>El mandatario fue invitado a una celebraci\u00f3n de la empresa GasAndes, que opera el gasoducto que env\u00eda gas natural desde Argentina al pa\u00eds vecino a trav\u00e9s de la Cordillera de Los Andes.<\/p>\n<p>La invitaci\u00f3n la cursaron los empresarios Eduardo y Hugo Eurnekian, de Corporaci\u00f3n Am\u00e9rica, para celebrar el primer Trillion Cubic Feet (TFC), equivalentes a 28 mil millones de metros c\u00fabicos, de gas natural llevado desde Argentina a Chile por el gasoducto de GasAndes.<\/p>\n<p>Luego, Milei cruzar\u00e1 a Chile, donde no habr\u00e1 una bilateral con Boric, pero s\u00ed un encuentro, seg\u00fan trascendi\u00f3. La relaci\u00f3n entre ambos no es de cercan\u00eda debido a las diferencias ideol\u00f3gicas.<\/p>\n<p>NA<\/p>\n","protected":false},"excerpt":{"rendered":"<p>El presidente\u00a0Javier Milei viajar\u00e1 el jueves 8 de agosto a Chile\u00a0para participar junto a su\u00a0par Gabriel Boric del acto por<\/p>\n","protected":false},"author":1,"featured_media":17059,"comment_status":"closed","ping_status":"closed","sticky":false,"template":"","format":"standard","meta":{"footnotes":"","jetpack_publicize_message":"","jetpack_publicize_feature_enabled":true,"jetpack_social_post_already_shared":true,"jetpack_social_options":{"image_generator_settings":{"template":"highway","enabled":false},"version":2}},"categories":[12],"tags":[],"class_list":["post-17058","post","type-post","status-publish","format-standard","has-post-thumbnail","hentry","category-politica"],"jetpack_publicize_connections":[],"_links":{"self":[{"href":"https:\/\/diariorepublica.com.ar\/web\/index.php\/wp-json\/wp\/v2\/posts\/17058"}],"collection":[{"href":"https:\/\/diariorepublica.com.ar\/web\/index.php\/wp-json\/wp\/v2\/posts"}],"about":[{"href":"https:\/\/diariorepublica.com.ar\/web\/index.php\/wp-json\/wp\/v2\/types\/post"}],"author":[{"embeddable":true,"href":"https:\/\/diariorepublica.com.ar\/web\/index.php\/wp-json\/wp\/v2\/users\/1"}],"replies":[{"embeddable":true,"href":"https:\/\/diariorepublica.com.ar\/web\/index.php\/wp-json\/wp\/v2\/comments?post=17058"}],"version-history":[{"count":1,"href":"https:\/\/diariorepublica.com.ar\/web\/index.php\/wp-json\/wp\/v2\/posts\/17058\/revisions"}],"predecessor-version":[{"id":17060,"href":"https:\/\/diariorepublica.com.ar\/web\/index.php\/wp-json\/wp\/v2\/posts\/17058\/revisions\/17060"}],"wp:featuredmedia":[{"embeddable":true,"href":"https:\/\/diariorepublica.com.ar\/web\/index.php\/wp-json\/wp\/v2\/media\/17059"}],"wp:attachment":[{"href":"https:\/\/diariorepublica.com.ar\/web\/index.php\/wp-json\/wp\/v2\/media?parent=17058"}],"wp:term":[{"taxonomy":"category","embeddable":true,"href":"https:\/\/diariorepublica.com.ar\/web\/index.php\/wp-json\/wp\/v2\/categories?post=17058"},{"taxonomy":"post_tag","embeddable":true,"href":"https:\/\/diariorepublica.com.ar\/web\/index.php\/wp-json\/wp\/v2\/tags?post=17058"}],"curies":[{"name":"wp","href":"https:\/\/api.w.org\/{rel}","templated":true}]}}