{"id":17107,"date":"2024-08-02T07:15:00","date_gmt":"2024-08-02T10:15:00","guid":{"rendered":"https:\/\/diariorepublica.com.ar\/web\/?p=17107"},"modified":"2024-08-02T07:37:07","modified_gmt":"2024-08-02T10:37:07","slug":"paris-2024-la-seleccion-argentina-de-voley-perdio-con-alemania-y-quedo-eliminada","status":"publish","type":"post","link":"https:\/\/diariorepublica.com.ar\/web\/index.php\/deportes\/2024\/08\/02\/paris-2024-la-seleccion-argentina-de-voley-perdio-con-alemania-y-quedo-eliminada\/","title":{"rendered":"Par\u00eds 2024:\u00a0la Selecci\u00f3n Argentina de v\u00f3ley perdi\u00f3 con Alemania y qued\u00f3 eliminada"},"content":{"rendered":"<p>Argentina empez\u00f3 con el pie izquierdo este viernes 2 de agosto en los Juegos Ol\u00edmpicos, ya que el v\u00f3ley masculino cay\u00f3 contra Alemania en el \u00faltimo partido de la fase de grupos y qued\u00f3 afuera de la competencia.<\/p>\n<p>El de Marcelo M\u00e9ndez perdi\u00f3 3-0 (25-13, 25-21 y 25-21) ante los germanos y se despidi\u00f3 de Juegos, ya que deb\u00eda imponerse por 3-1 y esperar otros resultados para continuar su camino.<\/p>\n<p>De esta manera, el seleccionado nacional termin\u00f3 \u00faltimo con tres derrotas en tres partidos: Estados Unidos (3-0), Jap\u00f3n (3-1) y Alemania (3-0).<\/p>\n","protected":false},"excerpt":{"rendered":"<p>Argentina empez\u00f3 con el pie izquierdo este viernes 2 de agosto en los Juegos Ol\u00edmpicos, ya que el v\u00f3ley masculino<\/p>\n","protected":false},"author":1,"featured_media":17108,"comment_status":"closed","ping_status":"closed","sticky":false,"template":"","format":"standard","meta":{"footnotes":"","jetpack_publicize_message":"","jetpack_publicize_feature_enabled":true,"jetpack_social_post_already_shared":true,"jetpack_social_options":{"image_generator_settings":{"template":"highway","enabled":false},"version":2}},"categories":[9],"tags":[],"class_list":["post-17107","post","type-post","status-publish","format-standard","has-post-thumbnail","hentry","category-deportes"],"jetpack_publicize_connections":[],"_links":{"self":[{"href":"https:\/\/diariorepublica.com.ar\/web\/index.php\/wp-json\/wp\/v2\/posts\/17107"}],"collection":[{"href":"https:\/\/diariorepublica.com.ar\/web\/index.php\/wp-json\/wp\/v2\/posts"}],"about":[{"href":"https:\/\/diariorepublica.com.ar\/web\/index.php\/wp-json\/wp\/v2\/types\/post"}],"author":[{"embeddable":true,"href":"https:\/\/diariorepublica.com.ar\/web\/index.php\/wp-json\/wp\/v2\/users\/1"}],"replies":[{"embeddable":true,"href":"https:\/\/diariorepublica.com.ar\/web\/index.php\/wp-json\/wp\/v2\/comments?post=17107"}],"version-history":[{"count":1,"href":"https:\/\/diariorepublica.com.ar\/web\/index.php\/wp-json\/wp\/v2\/posts\/17107\/revisions"}],"predecessor-version":[{"id":17109,"href":"https:\/\/diariorepublica.com.ar\/web\/index.php\/wp-json\/wp\/v2\/posts\/17107\/revisions\/17109"}],"wp:featuredmedia":[{"embeddable":true,"href":"https:\/\/diariorepublica.com.ar\/web\/index.php\/wp-json\/wp\/v2\/media\/17108"}],"wp:attachment":[{"href":"https:\/\/diariorepublica.com.ar\/web\/index.php\/wp-json\/wp\/v2\/media?parent=17107"}],"wp:term":[{"taxonomy":"category","embeddable":true,"href":"https:\/\/diariorepublica.com.ar\/web\/index.php\/wp-json\/wp\/v2\/categories?post=17107"},{"taxonomy":"post_tag","embeddable":true,"href":"https:\/\/diariorepublica.com.ar\/web\/index.php\/wp-json\/wp\/v2\/tags?post=17107"}],"curies":[{"name":"wp","href":"https:\/\/api.w.org\/{rel}","templated":true}]}}